{"id":477,"date":"2009-09-21T23:08:30","date_gmt":"2009-09-22T02:08:30","guid":{"rendered":"http:\/\/www.elsindical.com.ar\/notas\/?p=477"},"modified":"2009-09-21T23:08:30","modified_gmt":"2009-09-22T02:08:30","slug":"el-gobierno-intimo-a-kraft-para-que-regularice-los-salarios-adeudados","status":"publish","type":"post","link":"https:\/\/www.elsindical.com.ar\/notas\/el-gobierno-intimo-a-kraft-para-que-regularice-los-salarios-adeudados\/","title":{"rendered":"El Gobierno intim\u00f3 a Kraft para que regularice los salarios adeudados"},"content":{"rendered":"<p style=\"text-align: justify;\"><em><img loading=\"lazy\" decoding=\"async\" class=\"alignleft size-full wp-image-478\" title=\"Kraft-Foods-Pacheco\" src=\"http:\/\/www.elsindical.com.ar\/notas\/var\/www\/html\/notas\/wp-content\/uploads\/2009\/09\/Kraft-Foods-Pacheco.jpg\" alt=\"Kraft-Foods-Pacheco\" width=\"227\" height=\"153\" \/>El Ministerio de Trabajo curs\u00f3 esta noche una intimaci\u00f3n a la ex Terrabusi para que pague los sueldos adeudados de la conciliaci\u00f3n obligatoria con los trabajadores que fueron despedidos.<\/em><\/p>\n<p style=\"text-align: justify;\">La cartera de Trabajo intim\u00f3 a la empresa alimentaria a <strong>pagar la quincena que se adeuda a los 160 despedidos durante el tiempo que dur\u00f3 la conciliaci\u00f3n obligatoria<\/strong>.<\/p>\n<p>Actualmente, <strong>el conflicto se encuentra estancado<\/strong>, dado que las partes no llegaron a un acuerdo, y <strong>los despedidos mantienen ocupada la planta ubicada en General Pacheco<\/strong>, impidiendo el normal desarrollo de la producci\u00f3n.<\/p>\n<p>La empresa Kraft Foods decidi\u00f3 hace m\u00e1s de un mes la desvinculaci\u00f3n de 160 operarios, entre los que se encuentra la Comisi\u00f3n Interna Gremial, luego de varias medidas de fuerza que la compa\u00f1\u00eda calific\u00f3 de \u00abviolentas\u00bb y \u00abdesmedidas\u00bb, entre las que se incluyeron distintas\u00a0huelgas .<\/p>\n<p>En el d\u00eda de hoy, <strong>los obreros despedidos junto a diversas organizaciones piqueteras y de izquierda, cortaron la Panamericana por m\u00e1s de\u00a08 horas, y hasta se hicieron un \u00abasadito\u00bb en plena autopista<\/strong>.<\/p>\n<p>Desde la empresa\u00a0denuncian que la Comisi\u00f3n Interna est\u00e1 dirigida por dos partidos de izquierda.<\/p>\n","protected":false},"excerpt":{"rendered":"<p>El Ministerio de Trabajo curs\u00f3 esta noche una intimaci\u00f3n a la ex Terrabusi para que pague los sueldos adeudados de la conciliaci\u00f3n obligatoria con los trabajadores que fueron despedidos. La cartera de Trabajo intim\u00f3 a la empresa alimentaria a pagar la quincena que se adeuda a los 160 despedidos durante el tiempo que dur\u00f3 la&hellip;<\/p>\n","protected":false},"author":1,"featured_media":0,"comment_status":"open","ping_status":"open","sticky":false,"template":"","format":"standard","meta":{"footnotes":""},"categories":[13],"tags":[260,258,259,257,125],"class_list":["post-477","post","type-post","status-publish","format-standard","hentry","category-politica","tag-despedidos","tag-intimacion","tag-kraft-fodd","tag-ministerio-de-trabajo","tag-trabajadores"],"_links":{"self":[{"href":"https:\/\/www.elsindical.com.ar\/notas\/wp-json\/wp\/v2\/posts\/477","targetHints":{"allow":["GET"]}}],"collection":[{"href":"https:\/\/www.elsindical.com.ar\/notas\/wp-json\/wp\/v2\/posts"}],"about":[{"href":"https:\/\/www.elsindical.com.ar\/notas\/wp-json\/wp\/v2\/types\/post"}],"author":[{"embeddable":true,"href":"https:\/\/www.elsindical.com.ar\/notas\/wp-json\/wp\/v2\/users\/1"}],"replies":[{"embeddable":true,"href":"https:\/\/www.elsindical.com.ar\/notas\/wp-json\/wp\/v2\/comments?post=477"}],"version-history":[{"count":2,"href":"https:\/\/www.elsindical.com.ar\/notas\/wp-json\/wp\/v2\/posts\/477\/revisions"}],"predecessor-version":[{"id":480,"href":"https:\/\/www.elsindical.com.ar\/notas\/wp-json\/wp\/v2\/posts\/477\/revisions\/480"}],"wp:attachment":[{"href":"https:\/\/www.elsindical.com.ar\/notas\/wp-json\/wp\/v2\/media?parent=477"}],"wp:term":[{"taxonomy":"category","embeddable":true,"href":"https:\/\/www.elsindical.com.ar\/notas\/wp-json\/wp\/v2\/categories?post=477"},{"taxonomy":"post_tag","embeddable":true,"href":"https:\/\/www.elsindical.com.ar\/notas\/wp-json\/wp\/v2\/tags?post=477"}],"curies":[{"name":"wp","href":"https:\/\/api.w.org\/{rel}","templated":true}]}}