{"id":47677,"date":"2014-12-05T08:52:05","date_gmt":"2014-12-05T11:52:05","guid":{"rendered":"http:\/\/www.elsindical.com.ar\/notas\/?p=47677"},"modified":"2014-12-05T08:52:05","modified_gmt":"2014-12-05T11:52:05","slug":"escandalo-en-el-hcd-de-avellaneda-insultos-mentiras-y-acusaciones-en-comision-de-salud","status":"publish","type":"post","link":"https:\/\/www.elsindical.com.ar\/notas\/escandalo-en-el-hcd-de-avellaneda-insultos-mentiras-y-acusaciones-en-comision-de-salud\/","title":{"rendered":"Esc\u00e1ndalo en el HCD de Avellaneda, insultos, mentiras y acusaciones en comisi\u00f3n de salud"},"content":{"rendered":"<p><em><a href=\"http:\/\/www.elsindical.com.ar\/notas\/var\/www\/html\/notas\/wp-content\/uploads\/2014\/12\/P1470656.jpg\"><img loading=\"lazy\" decoding=\"async\" class=\"alignnone size-medium wp-image-47685\" src=\"http:\/\/www.elsindical.com.ar\/notas\/var\/www\/html\/notas\/wp-content\/uploads\/2014\/12\/P1470656-300x188.jpg\" alt=\"P1470656\" width=\"300\" height=\"188\" srcset=\"https:\/\/www.elsindical.com.ar\/notas\/var\/www\/html\/notas\/wp-content\/uploads\/2014\/12\/P1470656-300x188.jpg 300w, https:\/\/www.elsindical.com.ar\/notas\/var\/www\/html\/notas\/wp-content\/uploads\/2014\/12\/P1470656-476x300.jpg 476w, https:\/\/www.elsindical.com.ar\/notas\/var\/www\/html\/notas\/wp-content\/uploads\/2014\/12\/P1470656.jpg 531w\" sizes=\"auto, (max-width: 300px) 100vw, 300px\" \/><\/a>Decir que los pol\u00edticos mienten no es descubrir nada nuevo, ya que para hacer pol\u00edtica necesitan un alto grado de promesas que nunca cumplir\u00e1n, as\u00ed atraen militantes, vecinos, acuerdos pol\u00edticos y hasta pareja.<\/em><\/p>\n<p>Pero llegar al extremo de negar lo que se tiene por escrito en la mano, es algo que pocas veces uno puede presenciar.<\/p>\n<p>Este 4 de diciembre pasado, dentro de las reuniones de comisi\u00f3n a realizarse, estaba pendiente una muy esperada, la de la comisi\u00f3n de salud, en la orden del d\u00eda figuraban dos temas muy sensibles, el del traspaso del Hospital de Wilde a la \u00f3rbita de la provincia de Buenos Aires y el archivo del expediente referente a la Cl\u00ednica Nuestra Se\u00f1ora de la Dulce Espera, a pesar de que oportunamente se hab\u00edan comprometido a notificar a los padres de cualquier novedad o movimiento, esta vez no comunicaron a nadie la decisi\u00f3n de archivar el expediente, la recomendaci\u00f3n del concejal Rub\u00e9n Conde de esperar fue aceptada ya que su argumento era m\u00e1s que valido, \u00bf c\u00f3mo quedar\u00edan los concejales frente a los vecinos si ocurr\u00eda una nueva muerte?.<\/p>\n<p>Curiosamente la representante del sindicato de trabajadores municipales, Manuela S\u00e1nchez, volvi\u00f3 a mostrar su preferencia a la hora de votar por el oficialismo y en este caso como en el del Hospital de Wilde su voto fue en contra de los intereses de los vecinos.<\/p>\n<p>Desde antes de las 13:00 hs. un grupo de m\u00e9dicos, profesionales y empleados administrativos esperaban en el piso donde se iba a desarrollar la reuni\u00f3n en la comisi\u00f3n de salud, la llegada del secretario de salud Luis Parrilla, al parecer alguien le aviso de la presencia de los m\u00e9dicos y este nunca apareci\u00f3.<\/p>\n<p>Cuando subi\u00f3 a la sala la concejal radical y presidente de la comisi\u00f3n de salud, Miriam Grai\u00f1o, se encontr\u00f3 con el grupo de m\u00e9dicos a los que salud\u00f3 e intent\u00f3 eludir debatir en el hall y delante de la prensa, por lo que les prometi\u00f3 que despu\u00e9s de la reuni\u00f3n de comisi\u00f3n se pod\u00edan juntar a charlar, a lo que los representantes de los trabajadores del hospital le pidieron que si iban a tratar algo del hospital quer\u00edan estar presentes, asegurando la concejal que no hab\u00eda nada sobre el hospital que se iban a tratar otros temas, momento en que suben los concejales Jos\u00e9 Alessi y Daniel Lewicki, los que preguntaron si se iba a tratar algo sobre el hospital y la concejal volvi\u00f3 a negarlo, incluso amag\u00f3 a darle la orden del d\u00eda a Lewicki el que dijo no es necesario conf\u00edo en tu palabra, pero uno de los trabajadores le pidi\u00f3 la planilla, lo que hizo que no tuviera m\u00e1s opci\u00f3n que mostr\u00e1rsela y para sorpresa de los presentes, hab\u00eda dos puntos que involucraban al Hospital de Wilde, uno de ellos espec\u00edfico, si esto no es mentir en la cara de los vecinos qu\u00e9 es?.<\/p>\n<p>Los representantes ingresaron entonces indignados por lo que ve\u00edan con sus propios ojos que se les miente y se burlan de su preocupaci\u00f3n, entonces ya comenzada la reuni\u00f3n lleg\u00f3 el concejal Jorge Degli Innocenti, uno de los que intenta ser la voz y la fuerza para defender el proyecto en el HCD, entonces todo se convulsion\u00f3, insultos, acusaciones cruzadas, y el concejal desencajado se retira mientras es seguido por un m\u00e9dico que le recrimina que los concejales no saben nada de sanitarismo, que opinan y est\u00e1n tomando decisiones desde la m\u00e1s pura ignorancia, apuntando este y el resto de los profesionales a los argumentos de los concejales, Maia Lata, Tamara Perini, Manuela S\u00e1nchez, Ver\u00f3nica Ju\u00e1rez, Miriam Grai\u00f1o, lo que hace que vuelva el concejal Degli Innocenti a levantar la voz y mostrarse muy nervioso, los m\u00e9dicos lo trataron como un traidor, y le recordaron que la voz que se escucha en el contestador del hospital hoy en d\u00eda pertenece a una de sus hijas Eliana quien trabajo en el nosocomio en el a\u00f1o 2000.<\/p>\n<p>Sin dudas que lo que dej\u00f3 en evidencia la jornada de ayer es que los concejales de Avellaneda, en su mayor\u00eda votan no por convicci\u00f3n a los deberes y obligaciones de su mandato, sino por la conveniencia que primero los beneficia a ellos, sea pol\u00edtica, o de la naturaleza que sea. Las declaraciones del concejal Rodrigo Galetovich respecto a su posici\u00f3n y la del partido de la UCR, desmintiendo lo publicado por Info Regi\u00f3n, el medio que utilizan los concejales oficialistas o aliados para difundir sus entrevistas y que no es la primera vez que algunos concejales niegan el contenido publicado, como en su momento lo hizo el propio Degli Innocenti, de quien Rodrigo Galetovich quiso despegarse con los m\u00e9dicos, incluso al escuchar tantas rectificaciones, volvimos a preguntarle si negaba la publicaci\u00f3n y si realmente estaba en contra de como el concejal Degli Innocenti estaba manejando en el recinto de sesiones el tema del Hospital de Wilde, lo afirm\u00f3 quedando registrado esto en el video que acompa\u00f1a la nota, para que los que suelen defender la independencia de los radicales escuchen de boca del propio presidente del bloque en el HCD como realmente son las cosas.<\/p>\n<p>Incluso en un tema tan sensible como es el de la muerte de los beb\u00e9s en la Cl\u00ednica Nuestra Se\u00f1ora de la Dulce Espera, los representantes del sindicato, los responsables, de que los afiliados se atiendan all\u00ed, como lo son el Cholito Garc\u00eda, Hern\u00e1n Doval, Chedufau y Manuela S\u00e1nchez siguen tratando de que pase el momento y solo quitaron de la cartilla a la cl\u00ednica, pero siguen derivando a los afiliados all\u00ed.<\/p>\n<p>Algunos pretenden incluso victimizarse frente al seguimiento del trabajo legislativo y de los concejales que viene realizando El Sindical, estamos en donde los vecinos reclaman, no importa si es en Quinta Galli o en un barrio de las periferias, somos el \u00fanico medio que puede mostrar lo que pasa desde el lugar mismo, as\u00ed que se\u00f1ores funcionarios, pol\u00edticos o militantes, comiencen a trabajar por los vecinos comiencen a dejar de lado las ambiciones personales por sobre sus obligaciones y trabajen, inf\u00f3rmense, dejen de levantar la mano sin saber que votan, asuman un compromiso social genuino o renuncien.<\/p>\n<p><a href=\"http:\/\/www.elsindical.com.ar\/notas\/var\/www\/html\/notas\/wp-content\/uploads\/2014\/12\/P1470649.jpg\"><img loading=\"lazy\" decoding=\"async\" class=\"alignnone size-medium wp-image-47684\" src=\"http:\/\/www.elsindical.com.ar\/notas\/var\/www\/html\/notas\/wp-content\/uploads\/2014\/12\/P1470649-300x225.jpg\" alt=\"P1470649\" width=\"300\" height=\"225\" srcset=\"https:\/\/www.elsindical.com.ar\/notas\/var\/www\/html\/notas\/wp-content\/uploads\/2014\/12\/P1470649-300x225.jpg 300w, https:\/\/www.elsindical.com.ar\/notas\/var\/www\/html\/notas\/wp-content\/uploads\/2014\/12\/P1470649-399x300.jpg 399w, https:\/\/www.elsindical.com.ar\/notas\/var\/www\/html\/notas\/wp-content\/uploads\/2014\/12\/P1470649.jpg 531w\" sizes=\"auto, (max-width: 300px) 100vw, 300px\" \/><\/a> <a href=\"http:\/\/www.elsindical.com.ar\/notas\/var\/www\/html\/notas\/wp-content\/uploads\/2014\/12\/orden-del-d\u00eda-salud-01.jpg\"><img loading=\"lazy\" decoding=\"async\" class=\"alignnone size-medium wp-image-47683\" src=\"http:\/\/www.elsindical.com.ar\/notas\/var\/www\/html\/notas\/wp-content\/uploads\/2014\/12\/orden-del-d\u00eda-salud-01-300x207.jpg\" alt=\"orden-del-d\u00eda-salud-01\" width=\"300\" height=\"207\" srcset=\"https:\/\/www.elsindical.com.ar\/notas\/var\/www\/html\/notas\/wp-content\/uploads\/2014\/12\/orden-del-d\u00eda-salud-01-300x207.jpg 300w, https:\/\/www.elsindical.com.ar\/notas\/var\/www\/html\/notas\/wp-content\/uploads\/2014\/12\/orden-del-d\u00eda-salud-01-433x300.jpg 433w, https:\/\/www.elsindical.com.ar\/notas\/var\/www\/html\/notas\/wp-content\/uploads\/2014\/12\/orden-del-d\u00eda-salud-01.jpg 915w\" sizes=\"auto, (max-width: 300px) 100vw, 300px\" \/><\/a> <a href=\"http:\/\/www.elsindical.com.ar\/notas\/var\/www\/html\/notas\/wp-content\/uploads\/2014\/12\/orden-del-d\u00eda-salud-02.jpg\"><img loading=\"lazy\" decoding=\"async\" class=\"alignnone size-medium wp-image-47682\" src=\"http:\/\/www.elsindical.com.ar\/notas\/var\/www\/html\/notas\/wp-content\/uploads\/2014\/12\/orden-del-d\u00eda-salud-02-300x228.jpg\" alt=\"orden-del-d\u00eda-salud-02\" width=\"300\" height=\"228\" srcset=\"https:\/\/www.elsindical.com.ar\/notas\/var\/www\/html\/notas\/wp-content\/uploads\/2014\/12\/orden-del-d\u00eda-salud-02-300x228.jpg 300w, https:\/\/www.elsindical.com.ar\/notas\/var\/www\/html\/notas\/wp-content\/uploads\/2014\/12\/orden-del-d\u00eda-salud-02-393x300.jpg 393w, https:\/\/www.elsindical.com.ar\/notas\/var\/www\/html\/notas\/wp-content\/uploads\/2014\/12\/orden-del-d\u00eda-salud-02.jpg 915w\" sizes=\"auto, (max-width: 300px) 100vw, 300px\" \/><\/a> <a href=\"http:\/\/www.elsindical.com.ar\/notas\/var\/www\/html\/notas\/wp-content\/uploads\/2014\/12\/Degli-discusi\u00f3n-con-m\u00e9dico.jpg\"><img loading=\"lazy\" decoding=\"async\" class=\"alignnone size-medium wp-image-47681\" src=\"http:\/\/www.elsindical.com.ar\/notas\/var\/www\/html\/notas\/wp-content\/uploads\/2014\/12\/Degli-discusi\u00f3n-con-m\u00e9dico-300x197.jpg\" alt=\"Degli-discusi\u00f3n-con-m\u00e9dico\" width=\"300\" height=\"197\" srcset=\"https:\/\/www.elsindical.com.ar\/notas\/var\/www\/html\/notas\/wp-content\/uploads\/2014\/12\/Degli-discusi\u00f3n-con-m\u00e9dico-300x197.jpg 300w, https:\/\/www.elsindical.com.ar\/notas\/var\/www\/html\/notas\/wp-content\/uploads\/2014\/12\/Degli-discusi\u00f3n-con-m\u00e9dico-455x300.jpg 455w, https:\/\/www.elsindical.com.ar\/notas\/var\/www\/html\/notas\/wp-content\/uploads\/2014\/12\/Degli-discusi\u00f3n-con-m\u00e9dico.jpg 531w\" sizes=\"auto, (max-width: 300px) 100vw, 300px\" \/><\/a> <a href=\"http:\/\/www.elsindical.com.ar\/notas\/var\/www\/html\/notas\/wp-content\/uploads\/2014\/12\/P1470653.jpg\"><img loading=\"lazy\" decoding=\"async\" class=\"alignnone size-medium wp-image-47686\" src=\"http:\/\/www.elsindical.com.ar\/notas\/var\/www\/html\/notas\/wp-content\/uploads\/2014\/12\/P1470653-300x225.jpg\" alt=\"P1470653\" width=\"300\" height=\"225\" srcset=\"https:\/\/www.elsindical.com.ar\/notas\/var\/www\/html\/notas\/wp-content\/uploads\/2014\/12\/P1470653-300x225.jpg 300w, https:\/\/www.elsindical.com.ar\/notas\/var\/www\/html\/notas\/wp-content\/uploads\/2014\/12\/P1470653-399x300.jpg 399w, https:\/\/www.elsindical.com.ar\/notas\/var\/www\/html\/notas\/wp-content\/uploads\/2014\/12\/P1470653.jpg 738w\" sizes=\"auto, (max-width: 300px) 100vw, 300px\" \/><\/a><\/p>\n<p><iframe loading=\"lazy\" src=\"\/\/www.youtube.com\/embed\/buMD76_cu1o\" width=\"580\" height=\"420\" frameborder=\"0\" allowfullscreen=\"allowfullscreen\"><\/iframe><\/p>\n<p><em><strong>Por Marcelo Ricardo Hawrylciw<\/strong><\/em><\/p>\n<p>&nbsp;<\/p>\n<p>&nbsp;<\/p>\n","protected":false},"excerpt":{"rendered":"<p>Decir que los pol\u00edticos mienten no es descubrir nada nuevo, ya que para hacer pol\u00edtica necesitan un alto grado de promesas que nunca cumplir\u00e1n, as\u00ed atraen militantes, vecinos, acuerdos pol\u00edticos y hasta pareja. Pero llegar al extremo de negar lo que se tiene por escrito en la mano, es algo que pocas veces uno puede&hellip;<\/p>\n","protected":false},"author":1,"featured_media":0,"comment_status":"open","ping_status":"open","sticky":false,"template":"","format":"standard","meta":{"footnotes":""},"categories":[10],"tags":[20450,16587,15486,5075,14278,19467,19159,103,15336,18486,12779],"class_list":["post-47677","post","type-post","status-publish","format-standard","hentry","category-editorial","tag-daniel-lewicki","tag-hcd","tag-jorge-degli-innocenti","tag-jose-alessi","tag-luis-parrilla","tag-maia-lata","tag-manuela-sanchez","tag-medicos","tag-miriam-graino","tag-tamara-perini","tag-veronica-juarez"],"_links":{"self":[{"href":"https:\/\/www.elsindical.com.ar\/notas\/wp-json\/wp\/v2\/posts\/47677","targetHints":{"allow":["GET"]}}],"collection":[{"href":"https:\/\/www.elsindical.com.ar\/notas\/wp-json\/wp\/v2\/posts"}],"about":[{"href":"https:\/\/www.elsindical.com.ar\/notas\/wp-json\/wp\/v2\/types\/post"}],"author":[{"embeddable":true,"href":"https:\/\/www.elsindical.com.ar\/notas\/wp-json\/wp\/v2\/users\/1"}],"replies":[{"embeddable":true,"href":"https:\/\/www.elsindical.com.ar\/notas\/wp-json\/wp\/v2\/comments?post=47677"}],"version-history":[{"count":2,"href":"https:\/\/www.elsindical.com.ar\/notas\/wp-json\/wp\/v2\/posts\/47677\/revisions"}],"predecessor-version":[{"id":47687,"href":"https:\/\/www.elsindical.com.ar\/notas\/wp-json\/wp\/v2\/posts\/47677\/revisions\/47687"}],"wp:attachment":[{"href":"https:\/\/www.elsindical.com.ar\/notas\/wp-json\/wp\/v2\/media?parent=47677"}],"wp:term":[{"taxonomy":"category","embeddable":true,"href":"https:\/\/www.elsindical.com.ar\/notas\/wp-json\/wp\/v2\/categories?post=47677"},{"taxonomy":"post_tag","embeddable":true,"href":"https:\/\/www.elsindical.com.ar\/notas\/wp-json\/wp\/v2\/tags?post=47677"}],"curies":[{"name":"wp","href":"https:\/\/api.w.org\/{rel}","templated":true}]}}