{"id":47670,"date":"2014-12-04T20:43:39","date_gmt":"2014-12-04T23:43:39","guid":{"rendered":"http:\/\/www.elsindical.com.ar\/notas\/?p=47670"},"modified":"2014-12-04T20:43:39","modified_gmt":"2014-12-04T23:43:39","slug":"la-platapungas-hurtan-son-descubiertos-y-devuelven-el-celular-en-un-colectivo","status":"publish","type":"post","link":"https:\/\/www.elsindical.com.ar\/notas\/la-platapungas-hurtan-son-descubiertos-y-devuelven-el-celular-en-un-colectivo\/","title":{"rendered":"La Plata:Pungas hurtan son descubiertos y devuelven el celular en un colectivo"},"content":{"rendered":"<p><a href=\"http:\/\/www.elsindical.com.ar\/notas\/var\/www\/html\/notas\/wp-content\/uploads\/2014\/12\/pungas-colectivo-La-Plata.jpg\"><img loading=\"lazy\" decoding=\"async\" class=\"alignnone size-medium wp-image-47671\" src=\"http:\/\/www.elsindical.com.ar\/notas\/var\/www\/html\/notas\/wp-content\/uploads\/2014\/12\/pungas-colectivo-La-Plata-300x197.jpg\" alt=\"pungas-colectivo-La-Plata\" width=\"300\" height=\"197\" srcset=\"https:\/\/www.elsindical.com.ar\/notas\/var\/www\/html\/notas\/wp-content\/uploads\/2014\/12\/pungas-colectivo-La-Plata-300x197.jpg 300w, https:\/\/www.elsindical.com.ar\/notas\/var\/www\/html\/notas\/wp-content\/uploads\/2014\/12\/pungas-colectivo-La-Plata-455x300.jpg 455w, https:\/\/www.elsindical.com.ar\/notas\/var\/www\/html\/notas\/wp-content\/uploads\/2014\/12\/pungas-colectivo-La-Plata.jpg 620w\" sizes=\"auto, (max-width: 300px) 100vw, 300px\" \/><\/a>Los hechos ocurrieron en la ciudad de La Plata. En las im\u00e1genes se puede ver c\u00f3mo la ladrona es descubierta, junto a su c\u00f3mplice (el novio), minutos despu\u00e9s de haberle robado el tel\u00e9fono celular a una pasajera. Si bien la delincuente quiso negarse en un primer momento a devolver el tel\u00e9fono, la insistencia de todos los pasajeros termin\u00f3 acorral\u00e1ndola y debi\u00f3 devolverlo a su v\u00edctima. Uno de los ocupantes del veh\u00edculo lo capt\u00f3 todo con su tel\u00e9fono, mientras los dem\u00e1s la rodeaban para que no escapara con el celular:<\/p>\n<p>Lo que m\u00e1s llam\u00f3 la atenci\u00f3n fue su reacci\u00f3n: <strong>en lugar de agachar la cabeza y pedir disculpas se mostr\u00f3 molesta con los pasajeros<\/strong>, a quienes acus\u00f3 de querer tocarle sus partes femeninas, donde escond\u00eda el celular robado. En una actitud que imita la caradurez del gobierno, los ladrones han perdido completamente la verg\u00fcenza en \u00e9sta \u201cd\u00e9cada ganada\u201d y los ciudadanos comunes tienen que rebajarse a pedir por favor que no les roben.<iframe loading=\"lazy\" src=\"\/\/www.youtube.com\/embed\/JYUCzqY6bVA\" width=\"580\" height=\"420\" frameborder=\"0\" allowfullscreen=\"allowfullscreen\"><\/iframe><\/p>\n","protected":false},"excerpt":{"rendered":"<p>Los hechos ocurrieron en la ciudad de La Plata. En las im\u00e1genes se puede ver c\u00f3mo la ladrona es descubierta, junto a su c\u00f3mplice (el novio), minutos despu\u00e9s de haberle robado el tel\u00e9fono celular a una pasajera. Si bien la delincuente quiso negarse en un primer momento a devolver el tel\u00e9fono, la insistencia de todos&hellip;<\/p>\n","protected":false},"author":1,"featured_media":0,"comment_status":"open","ping_status":"open","sticky":false,"template":"","format":"standard","meta":{"footnotes":""},"categories":[22],"tags":[519,239,20448],"class_list":["post-47670","post","type-post","status-publish","format-standard","hentry","category-policiales","tag-celular","tag-la-plata","tag-ladrona"],"_links":{"self":[{"href":"https:\/\/www.elsindical.com.ar\/notas\/wp-json\/wp\/v2\/posts\/47670","targetHints":{"allow":["GET"]}}],"collection":[{"href":"https:\/\/www.elsindical.com.ar\/notas\/wp-json\/wp\/v2\/posts"}],"about":[{"href":"https:\/\/www.elsindical.com.ar\/notas\/wp-json\/wp\/v2\/types\/post"}],"author":[{"embeddable":true,"href":"https:\/\/www.elsindical.com.ar\/notas\/wp-json\/wp\/v2\/users\/1"}],"replies":[{"embeddable":true,"href":"https:\/\/www.elsindical.com.ar\/notas\/wp-json\/wp\/v2\/comments?post=47670"}],"version-history":[{"count":1,"href":"https:\/\/www.elsindical.com.ar\/notas\/wp-json\/wp\/v2\/posts\/47670\/revisions"}],"predecessor-version":[{"id":47672,"href":"https:\/\/www.elsindical.com.ar\/notas\/wp-json\/wp\/v2\/posts\/47670\/revisions\/47672"}],"wp:attachment":[{"href":"https:\/\/www.elsindical.com.ar\/notas\/wp-json\/wp\/v2\/media?parent=47670"}],"wp:term":[{"taxonomy":"category","embeddable":true,"href":"https:\/\/www.elsindical.com.ar\/notas\/wp-json\/wp\/v2\/categories?post=47670"},{"taxonomy":"post_tag","embeddable":true,"href":"https:\/\/www.elsindical.com.ar\/notas\/wp-json\/wp\/v2\/tags?post=47670"}],"curies":[{"name":"wp","href":"https:\/\/api.w.org\/{rel}","templated":true}]}}