{"id":47667,"date":"2014-12-04T17:55:53","date_gmt":"2014-12-04T20:55:53","guid":{"rendered":"http:\/\/www.elsindical.com.ar\/notas\/?p=47667"},"modified":"2014-12-04T17:55:53","modified_gmt":"2014-12-04T20:55:53","slug":"emma-shapplin-en-buenos-aires-10-de-diciembre","status":"publish","type":"post","link":"https:\/\/www.elsindical.com.ar\/notas\/emma-shapplin-en-buenos-aires-10-de-diciembre\/","title":{"rendered":"Emma Shapplin en Buenos Aires &#8211; 10 de Diciembre"},"content":{"rendered":"<p><span style=\"font-family: Verdana;\"><a href=\"http:\/\/www.elsindical.com.ar\/notas\/var\/www\/html\/notas\/wp-content\/uploads\/2014\/12\/Emma-promoci\u00f3n.jpg\"><img loading=\"lazy\" decoding=\"async\" class=\"alignnone size-medium wp-image-47668\" src=\"http:\/\/www.elsindical.com.ar\/notas\/var\/www\/html\/notas\/wp-content\/uploads\/2014\/12\/Emma-promoci\u00f3n-213x300.jpg\" alt=\"Emma-promoci\u00f3n\" width=\"213\" height=\"300\" srcset=\"https:\/\/www.elsindical.com.ar\/notas\/var\/www\/html\/notas\/wp-content\/uploads\/2014\/12\/Emma-promoci\u00f3n-213x300.jpg 213w, https:\/\/www.elsindical.com.ar\/notas\/var\/www\/html\/notas\/wp-content\/uploads\/2014\/12\/Emma-promoci\u00f3n.jpg 620w\" sizes=\"auto, (max-width: 213px) 100vw, 213px\" \/><\/a>Teatro Coliseo &#8211; M T de Alvear 1125 &#8211; Buenos Aires<\/p>\n<p><\/span><strong><span style=\"text-decoration: underline;\"><br \/>\n<span style=\"font-family: Verdana;\">ENTRADAS<br \/>\n<\/span><\/span><\/strong><span style=\"font-family: Verdana;\">PLATEA &#8211; $1100<br \/>\nPLATEA &#8211; $900<br \/>\nPLATEA &#8211; $700<br \/>\nSUPERPULLMAN CENTRAL &#8211; $700<br \/>\nSUPERPULLAN &#8211; $600<br \/>\n1ER PULLMAN PAR &#8211; $400<br \/>\n1ER PULLMAN IMPAR &#8211; $400<br \/>\n2DO PULLMAN PAR &#8211; $250<br \/>\n2DO PULLMAN IMPAR &#8211; $250<\/span><\/p>\n<p align=\"center\"><span style=\"font-size: small;\"><span style=\"font-size: large;\"><span style=\"font-size: small;\"><span style=\"font-family: Verdana;\"><strong>POR SISTEMA TICKETEK.COM.AR<\/strong><\/span><\/span><\/span><\/span><\/p>\n<blockquote dir=\"ltr\">\n<div id=\"yiv4514358638yui_3_16_0_1_1417611124862_80457\" class=\"yiv4514358638\">\n<div id=\"yiv4514358638yui_3_16_0_1_1417704828560_22171\" class=\"yiv4514358638\"><span style=\"font-family: Verdana;\"><span style=\"font-size: large;\"><span id=\"yiv4514358638yui_3_16_0_1_1417704828560_22172\" class=\"yiv4514358638\"><strong>Emma Shapplin<\/strong> llega<\/span>\u00a0nuevamente\u00a0\u00a0a nuestro pa\u00eds en el marco del\u00a0<b class=\"yiv4514358638\">Dust of<\/b><b class=\"yiv4514358638\">\u00a0a\u00a0\u00a0Dandy Tour<\/b><span id=\"yiv4514358638yui_3_16_0_1_1417704828560_22170\" class=\"yiv4514358638\">, en el que presenta temas de su \u00faltima\u00a0<\/span>producci\u00f3n.<\/span><\/span><\/div>\n<div id=\"yiv4514358638yui_3_16_0_1_1417704828560_22169\" class=\"yiv4514358638\"><\/div>\n<\/div>\n<div id=\"yiv4514358638yui_3_16_0_1_1417611124862_80457\" class=\"yiv4514358638\">\n<div id=\"yiv4514358638yui_3_16_0_1_1417704828560_22090\" class=\"yiv4514358638\"><span style=\"font-family: Verdana;\"><span style=\"font-size: large;\"><span id=\"yiv4514358638yui_3_16_0_1_1417704828560_22089\" class=\"yiv4514358638\">En una nueva etapa de su carrera, la reconocida cantante francesa se expresa a trav\u00e9s de lo que podr\u00eda denominarse el\u00a0<\/span><span id=\"yiv4514358638yui_3_16_0_1_1417704828560_22177\" class=\"yiv4514358638\">electro<\/span>\u00a0rock, rompiendo con melod\u00edas anteriores m\u00e1s pop y neocl\u00e1sicas.<\/span><\/span><\/div>\n<div id=\"yiv4514358638yui_3_16_0_1_1417704828560_22178\" class=\"yiv4514358638\"><\/div>\n<\/div>\n<div id=\"yiv4514358638yui_3_16_0_1_1417611124862_80457\" class=\"yiv4514358638\">\n<div id=\"yiv4514358638yui_3_16_0_1_1417704828560_22166\" class=\"yiv4514358638\"><span style=\"font-family: Verdana;\"><span style=\"font-size: large;\"><span id=\"yiv4514358638yui_3_16_0_1_1417704828560_22168\" class=\"yiv4514358638\">En un contexto de sonidos, letras y tonos m\u00e1s bajo<\/span>s<span id=\"yiv4514358638yui_3_16_0_1_1417704828560_22167\" class=\"yiv4514358638\">, <strong>Emma Shapplin<\/strong> sube a los escenarios argentinos con un show impactante, m\u00e1s rockero, m\u00e1s visual y en el que por supuesto recorre los \u00e9xitos de su heterog\u00e9nea carrera.<\/span><span id=\"yiv4514358638yui_3_16_0_1_1417704828560_22165\" class=\"yiv4514358638\">\u00a0Desde su mundialmente famoso \u00a8Spente le Stelle\u00a8 \u00a0hasta su actual\u00a0 \u00a0\u00a8The Lovers\u00a8\u00a0 en un espectaculo inolvidable.<\/span><\/span><\/span><\/div>\n<\/div>\n<div id=\"yiv4514358638yui_3_16_0_1_1417611124862_80457\" class=\"yiv4514358638\">\n<div id=\"yiv4514358638yui_3_16_0_1_1417704828560_22179\" class=\"yiv4514358638\"><\/div>\n<\/div>\n<div id=\"yiv4514358638yui_3_16_0_1_1417611124862_80457\" class=\"yiv4514358638\">\n<div id=\"yiv4514358638yui_3_16_0_1_1417704828560_22180\" class=\"yiv4514358638\"><span id=\"yiv4514358638yui_3_16_0_1_1417704828560_22188\" class=\"yiv4514358638\"><span style=\"font-family: Verdana; font-size: large;\">Talentosa, creativa, bella, <strong>Emma Shapplin<\/strong> tiene su propio estilo.<\/span><\/span><\/div>\n<div id=\"yiv4514358638yui_3_16_0_1_1417704828560_22181\" class=\"yiv4514358638\"><\/div>\n<div id=\"yiv4514358638yui_3_16_0_1_1417704828560_22182\" class=\"yiv4514358638\"><span style=\"font-family: Verdana; font-size: large;\">Destila arte y necesita sacarlo de s\u00ed misma para compartirlo con su gente.\u00a0<\/span><\/div>\n<div id=\"yiv4514358638yui_3_16_0_1_1417704828560_22183\" class=\"yiv4514358638\"><\/div>\n<\/div>\n<div id=\"yiv4514358638yui_3_16_0_1_1417611124862_80457\" class=\"yiv4514358638\">\n<div id=\"yiv4514358638yui_3_16_0_1_1417704828560_22184\" class=\"yiv4514358638\"><span style=\"font-family: Verdana; font-size: large;\">De esta forma se presenta ante su p\u00fablico argentino en este\u00a0<b class=\"yiv4514358638\">Dust of\u00a0<\/b><b id=\"yui_3_16_0_1_1417704828560_29333\" class=\"yiv4514358638\">a\u00a0Dandy Tour<\/b>.<\/span><\/p>\n<\/div>\n<\/div>\n<p><span style=\"font-family: Verdana; font-size: large;\"><strong><span style=\"text-decoration: underline;\"><span style=\"color: #000000;\">VIDEO:<\/span><\/span><span style=\"color: #000000;\"> The lovers<\/span><\/strong><span style=\"color: #000000;\">,<br \/>\n<\/span><span style=\"color: #000000;\">primer corte de su disco <\/span><strong><span style=\"color: #000000;\">\u00abDust of a Dandy\u00bb<br \/>\n<\/span><\/strong><\/span><a href=\"http:\/\/www.youtube.com\/watch?v=TYUtwtIcqno#t=65\" target=\"_blank\"><span style=\"font-family: Verdana; font-size: large;\"><strong>http:\/\/www.youtube.com\/watch?v=TYUtwtIcqno#t=65<\/strong><\/span><\/a>&nbsp;<\/p>\n<p><span style=\"font-family: Verdana; font-size: small;\"><strong>Facebook.com\/EmmaShapplinOfficial<br \/>\nSite oficial: emma-shapplin.com<\/strong><\/span><\/p><\/blockquote>\n","protected":false},"excerpt":{"rendered":"<p>Teatro Coliseo &#8211; M T de Alvear 1125 &#8211; Buenos Aires ENTRADAS PLATEA &#8211; $1100 PLATEA &#8211; $900 PLATEA &#8211; $700 SUPERPULLMAN CENTRAL &#8211; $700 SUPERPULLAN &#8211; $600 1ER PULLMAN PAR &#8211; $400 1ER PULLMAN IMPAR &#8211; $400 2DO PULLMAN PAR &#8211; $250 2DO PULLMAN IMPAR &#8211; $250 POR SISTEMA TICKETEK.COM.AR Emma Shapplin llega\u00a0nuevamente\u00a0\u00a0a nuestro&hellip;<\/p>\n","protected":false},"author":1,"featured_media":0,"comment_status":"open","ping_status":"open","sticky":false,"template":"","format":"standard","meta":{"footnotes":""},"categories":[15],"tags":[11509,20341,7487],"class_list":["post-47667","post","type-post","status-publish","format-standard","hentry","category-espectaculos","tag-concierto","tag-emma-shapplin","tag-teatro-coliseo"],"_links":{"self":[{"href":"https:\/\/www.elsindical.com.ar\/notas\/wp-json\/wp\/v2\/posts\/47667","targetHints":{"allow":["GET"]}}],"collection":[{"href":"https:\/\/www.elsindical.com.ar\/notas\/wp-json\/wp\/v2\/posts"}],"about":[{"href":"https:\/\/www.elsindical.com.ar\/notas\/wp-json\/wp\/v2\/types\/post"}],"author":[{"embeddable":true,"href":"https:\/\/www.elsindical.com.ar\/notas\/wp-json\/wp\/v2\/users\/1"}],"replies":[{"embeddable":true,"href":"https:\/\/www.elsindical.com.ar\/notas\/wp-json\/wp\/v2\/comments?post=47667"}],"version-history":[{"count":1,"href":"https:\/\/www.elsindical.com.ar\/notas\/wp-json\/wp\/v2\/posts\/47667\/revisions"}],"predecessor-version":[{"id":47669,"href":"https:\/\/www.elsindical.com.ar\/notas\/wp-json\/wp\/v2\/posts\/47667\/revisions\/47669"}],"wp:attachment":[{"href":"https:\/\/www.elsindical.com.ar\/notas\/wp-json\/wp\/v2\/media?parent=47667"}],"wp:term":[{"taxonomy":"category","embeddable":true,"href":"https:\/\/www.elsindical.com.ar\/notas\/wp-json\/wp\/v2\/categories?post=47667"},{"taxonomy":"post_tag","embeddable":true,"href":"https:\/\/www.elsindical.com.ar\/notas\/wp-json\/wp\/v2\/tags?post=47667"}],"curies":[{"name":"wp","href":"https:\/\/api.w.org\/{rel}","templated":true}]}}