{"id":47661,"date":"2014-12-04T12:14:54","date_gmt":"2014-12-04T15:14:54","guid":{"rendered":"http:\/\/www.elsindical.com.ar\/notas\/?p=47661"},"modified":"2014-12-04T12:14:54","modified_gmt":"2014-12-04T15:14:54","slug":"gladys-gonzalez-y-sebastian-vinagre-quien-asesora-a-la-candidata","status":"publish","type":"post","link":"https:\/\/www.elsindical.com.ar\/notas\/gladys-gonzalez-y-sebastian-vinagre-quien-asesora-a-la-candidata\/","title":{"rendered":"Gladys Gonz\u00e1lez y Sebasti\u00e1n Vinagre \u00bfqui\u00e9n asesora a la candidata?"},"content":{"rendered":"<p><a href=\"http:\/\/www.elsindical.com.ar\/notas\/var\/www\/html\/notas\/wp-content\/uploads\/2014\/12\/Gladys-Gonz\u00e1lez-y-Vinagre.jpg\"><img loading=\"lazy\" decoding=\"async\" class=\"alignnone size-medium wp-image-47662\" src=\"http:\/\/www.elsindical.com.ar\/notas\/var\/www\/html\/notas\/wp-content\/uploads\/2014\/12\/Gladys-Gonz\u00e1lez-y-Vinagre-300x199.jpg\" alt=\"Gladys-Gonz\u00e1lez-y-Vinagre\" width=\"300\" height=\"199\" srcset=\"https:\/\/www.elsindical.com.ar\/notas\/var\/www\/html\/notas\/wp-content\/uploads\/2014\/12\/Gladys-Gonz\u00e1lez-y-Vinagre-300x199.jpg 300w, https:\/\/www.elsindical.com.ar\/notas\/var\/www\/html\/notas\/wp-content\/uploads\/2014\/12\/Gladys-Gonz\u00e1lez-y-Vinagre-450x300.jpg 450w, https:\/\/www.elsindical.com.ar\/notas\/var\/www\/html\/notas\/wp-content\/uploads\/2014\/12\/Gladys-Gonz\u00e1lez-y-Vinagre.jpg 620w\" sizes=\"auto, (max-width: 300px) 100vw, 300px\" \/><\/a> Que el Defensor del Pueblo de Avellaneda, nunca ha ocultado su inter\u00e9s y relaciones con el PRO, es algo muy bien conocido, pero si la intenci\u00f3n de la diputada Gladys Gonz\u00e1les es realmente ser tenida en cuenta como una candidata seria\u00a0 a la intendencia de Avellaneda, deber\u00e1 replantearse quienes la asesoran en sus pasos.<\/p>\n<p>La foto de Gonz\u00e1lez con Vinagre, ya de por s\u00ed es una efecto visual desagradable para muchos vecinos, que han pasado por la Defensor\u00eda del Pueblo sin encontrar alguien que los escuche y asesore, ya que salvo las empleadas que realizan una especie de tarea administrativa, suelen repetir que los abogados o el Dr. Vinagre no est\u00e1n, esa ausencia se justifica con las fotos que luego se encarga el defensor de subir a las redes, las de sus participaciones en actos pol\u00edticos, algo vedado por su trabajo, las deja solo visibles para los \u00edntimos.<\/p>\n<p>Antes de que alguien pueda pensar que esto es un opini\u00f3n personal, le informo, que el HCD de Avellaneda, aprob\u00f3 un proyecto de comunicaci\u00f3n que desde el mes de octubre espera una respuesta del Defensor del Pueblo Sebasti\u00e1n Vinagre, respecto a muchas denuncias de vecinos que no fueron correctamente atendidos o que directamente ni pudieron ser asesorados, adem\u00e1s de que se le solicit\u00f3 lo mismo que El Sindical le viene reclamado al funcionario p\u00fablico y es que informe sobre los nombramientos de empleados, el expediente lleva como identificaci\u00f3n B44475\/2014.<\/p>\n<p>Que se pretenda venderle a los vecinos, que la diputada se reuni\u00f3 para poder informarse sobre las necesidades y reclamos de los vecinos con Vinagre, es una especie de burla, ya que le propio Vinagre desconoce los reclamos de los vecinos, m\u00e1s a\u00fan, alguien que dice desconocer la cantidad de empleados asignados a la Defensor\u00eda y asume no ser quien maneja el presupuesto asignado sin informar cifras, parece no es el mejor referente.<\/p>\n<p><em>\u00abDebemos poner delante de todo la premisa de que la gente est\u00e1 primero. Cuando te levant\u00e1s todas las ma\u00f1anas pensando en la gente y terminas el d\u00eda pensando a cu\u00e1nta gente le cambiaste la vida, te das cuenta que la gesti\u00f3n que hac\u00e9s es para todos\u201d,<\/em> enfatiz\u00f3 la candidata a intendenta. Del encuentro tambi\u00e9n particip\u00f3 el ex concejal Daniel Garc\u00eda.<\/p>\n<p>La frutilla de la torta, Daniel Garc\u00eda, un conocido ex concejal que estaf\u00f3 moralmente a los vecinos con supuestas campa\u00f1as por la seguridad y en contra de la venta de drogas, que luego termin\u00f3 no haciendo nada con la informaci\u00f3n que los vecinos le hac\u00edan llegar y que cuando se le agot\u00f3 el nombramiento, busc\u00f3 una alianza para seguir viviendo de la pol\u00edtica y los negocios que esta genera, asoci\u00e1ndose con Armando Bertolotto.<\/p>\n<p>&nbsp;<\/p>\n<p><em><strong>Por Marcelo Ricardo Hawrylciw<\/strong><\/em><\/p>\n<p>&nbsp;<\/p>\n","protected":false},"excerpt":{"rendered":"<p>Que el Defensor del Pueblo de Avellaneda, nunca ha ocultado su inter\u00e9s y relaciones con el PRO, es algo muy bien conocido, pero si la intenci\u00f3n de la diputada Gladys Gonz\u00e1les es realmente ser tenida en cuenta como una candidata seria\u00a0 a la intendencia de Avellaneda, deber\u00e1 replantearse quienes la asesoran en sus pasos. La&hellip;<\/p>\n","protected":false},"author":1,"featured_media":0,"comment_status":"open","ping_status":"open","sticky":false,"template":"","format":"standard","meta":{"footnotes":""},"categories":[13],"tags":[1285,461,5824,20142,16587,459],"class_list":["post-47661","post","type-post","status-publish","format-standard","hentry","category-politica","tag-armando-bertolotto","tag-avellaneda","tag-defensoria-del-pueblo","tag-gladys-gonzalez","tag-hcd","tag-sebastian-vinagre"],"_links":{"self":[{"href":"https:\/\/www.elsindical.com.ar\/notas\/wp-json\/wp\/v2\/posts\/47661","targetHints":{"allow":["GET"]}}],"collection":[{"href":"https:\/\/www.elsindical.com.ar\/notas\/wp-json\/wp\/v2\/posts"}],"about":[{"href":"https:\/\/www.elsindical.com.ar\/notas\/wp-json\/wp\/v2\/types\/post"}],"author":[{"embeddable":true,"href":"https:\/\/www.elsindical.com.ar\/notas\/wp-json\/wp\/v2\/users\/1"}],"replies":[{"embeddable":true,"href":"https:\/\/www.elsindical.com.ar\/notas\/wp-json\/wp\/v2\/comments?post=47661"}],"version-history":[{"count":1,"href":"https:\/\/www.elsindical.com.ar\/notas\/wp-json\/wp\/v2\/posts\/47661\/revisions"}],"predecessor-version":[{"id":47663,"href":"https:\/\/www.elsindical.com.ar\/notas\/wp-json\/wp\/v2\/posts\/47661\/revisions\/47663"}],"wp:attachment":[{"href":"https:\/\/www.elsindical.com.ar\/notas\/wp-json\/wp\/v2\/media?parent=47661"}],"wp:term":[{"taxonomy":"category","embeddable":true,"href":"https:\/\/www.elsindical.com.ar\/notas\/wp-json\/wp\/v2\/categories?post=47661"},{"taxonomy":"post_tag","embeddable":true,"href":"https:\/\/www.elsindical.com.ar\/notas\/wp-json\/wp\/v2\/tags?post=47661"}],"curies":[{"name":"wp","href":"https:\/\/api.w.org\/{rel}","templated":true}]}}