{"id":47587,"date":"2014-12-01T09:57:23","date_gmt":"2014-12-01T12:57:23","guid":{"rendered":"http:\/\/www.elsindical.com.ar\/notas\/?p=47587"},"modified":"2014-12-01T10:02:11","modified_gmt":"2014-12-01T13:02:11","slug":"avellanedavecinos-protestan-por-la-inseguridad-denuncian-que-el-intendente-se-mudo-a-puerto-madero","status":"publish","type":"post","link":"https:\/\/www.elsindical.com.ar\/notas\/avellanedavecinos-protestan-por-la-inseguridad-denuncian-que-el-intendente-se-mudo-a-puerto-madero\/","title":{"rendered":"Avellaneda:Vecinos protestan por la inseguridad denuncian que el intendente se mud\u00f3 a Puerto Madero"},"content":{"rendered":"<p><a href=\"http:\/\/www.elsindical.com.ar\/notas\/var\/www\/html\/notas\/wp-content\/uploads\/2014\/12\/00escracheFerra.jpg\"><img loading=\"lazy\" decoding=\"async\" class=\"alignnone size-medium wp-image-47588\" src=\"http:\/\/www.elsindical.com.ar\/notas\/var\/www\/html\/notas\/wp-content\/uploads\/2014\/12\/00escracheFerra-300x186.jpg\" alt=\"00escracheFerra\" width=\"300\" height=\"186\" srcset=\"https:\/\/www.elsindical.com.ar\/notas\/var\/www\/html\/notas\/wp-content\/uploads\/2014\/12\/00escracheFerra-300x186.jpg 300w, https:\/\/www.elsindical.com.ar\/notas\/var\/www\/html\/notas\/wp-content\/uploads\/2014\/12\/00escracheFerra-482x300.jpg 482w, https:\/\/www.elsindical.com.ar\/notas\/var\/www\/html\/notas\/wp-content\/uploads\/2014\/12\/00escracheFerra.jpg 738w\" sizes=\"auto, (max-width: 300px) 100vw, 300px\" \/><\/a>Varios vecinos de Avellaneda, especialmente los que viven en el coqueto barrio de Quinta Galli, lugar hasta donde hace un tiempo viv\u00eda el intendente Jorge Ferraresi, junto a su ex esposa Magdalena Sierra, para mudarse seg\u00fan denuncian los vecinos a Puerto Madero, en medio de las criticas ante las c\u00e1maras de televisi\u00f3n apareci\u00f3 un muchacho que dijo llamarse Claudio a defender al intendente y polemizar con los vecinos.<\/p>\n<p>Por la ma\u00f1ana un grupo de vecinos se auto convoc\u00f3 en la puerta de la casa de Magdalena Sierra, ex esposa del intendente de Avellaneda Jorge Ferraresi, para denunciar ola de robos, la protesta no es nueva y los vecinos han avanzado en esto de reclamar en marchas que no le interesan al intendente, ya que solo se ven como protestas aisladas.<\/p>\n<p>La nota de color al reclamo vecinal, lo dio un muchacho que fuera de c\u00e1maras discut\u00eda con firmeza con los vecinos, pero al aire demostr\u00f3 no saber muy bien que es lo que ten\u00eda que decir y comenz\u00f3 a decir incoherencias, no sab\u00eda el motivo por el cual est\u00e1 el patrullero en la cuadra, ni donde viv\u00eda el intendente, Claudio, adem\u00e1s del aspecto, se asemejaba al famoso \u00abmotochorro\u00bb Gast\u00f3n Aguirre\u00a0por sus declaraciones divagantes.<\/p>\n<p>La duda de los periodistas en el lugar eran los motivos por los cuales el intendente dej\u00f3 su hogar, su esposa y sus dos hijos, ya que si hubiera sido por una cuesti\u00f3n de seguridad no dejar\u00eda a ellos solos, hay quienes dicen que hay una guerra fr\u00eda interna, ya que el intendente habr\u00eda blanqueado entre los \u00edntimos su deseo de comenzar una nueva relaci\u00f3n en el barrio porte\u00f1o de los pol\u00edticos y empresarios Puerto Madero, la consigna de los periodistas en el lugar era conseguir que alguien pueda afirmar estos rumores, que se dijeron al aire en la televisi\u00f3n abierta, qu\u00e9 pensar\u00e1 el Obispo que suele abrazarse a Ferraresi de todo esto si se confirma.<\/p>\n","protected":false},"excerpt":{"rendered":"<p>Varios vecinos de Avellaneda, especialmente los que viven en el coqueto barrio de Quinta Galli, lugar hasta donde hace un tiempo viv\u00eda el intendente Jorge Ferraresi, junto a su ex esposa Magdalena Sierra, para mudarse seg\u00fan denuncian los vecinos a Puerto Madero, en medio de las criticas ante las c\u00e1maras de televisi\u00f3n apareci\u00f3 un muchacho&hellip;<\/p>\n","protected":false},"author":1,"featured_media":0,"comment_status":"open","ping_status":"open","sticky":false,"template":"","format":"standard","meta":{"footnotes":""},"categories":[25],"tags":[461,19142,1062,16785],"class_list":["post-47587","post","type-post","status-publish","format-standard","hentry","category-sociedad","tag-avellaneda","tag-claudio","tag-jorge-ferraresi","tag-quinta-galli"],"_links":{"self":[{"href":"https:\/\/www.elsindical.com.ar\/notas\/wp-json\/wp\/v2\/posts\/47587","targetHints":{"allow":["GET"]}}],"collection":[{"href":"https:\/\/www.elsindical.com.ar\/notas\/wp-json\/wp\/v2\/posts"}],"about":[{"href":"https:\/\/www.elsindical.com.ar\/notas\/wp-json\/wp\/v2\/types\/post"}],"author":[{"embeddable":true,"href":"https:\/\/www.elsindical.com.ar\/notas\/wp-json\/wp\/v2\/users\/1"}],"replies":[{"embeddable":true,"href":"https:\/\/www.elsindical.com.ar\/notas\/wp-json\/wp\/v2\/comments?post=47587"}],"version-history":[{"count":3,"href":"https:\/\/www.elsindical.com.ar\/notas\/wp-json\/wp\/v2\/posts\/47587\/revisions"}],"predecessor-version":[{"id":47591,"href":"https:\/\/www.elsindical.com.ar\/notas\/wp-json\/wp\/v2\/posts\/47587\/revisions\/47591"}],"wp:attachment":[{"href":"https:\/\/www.elsindical.com.ar\/notas\/wp-json\/wp\/v2\/media?parent=47587"}],"wp:term":[{"taxonomy":"category","embeddable":true,"href":"https:\/\/www.elsindical.com.ar\/notas\/wp-json\/wp\/v2\/categories?post=47587"},{"taxonomy":"post_tag","embeddable":true,"href":"https:\/\/www.elsindical.com.ar\/notas\/wp-json\/wp\/v2\/tags?post=47587"}],"curies":[{"name":"wp","href":"https:\/\/api.w.org\/{rel}","templated":true}]}}