{"id":47574,"date":"2014-11-30T13:58:43","date_gmt":"2014-11-30T16:58:43","guid":{"rendered":"http:\/\/www.elsindical.com.ar\/notas\/?p=47574"},"modified":"2014-11-30T13:58:43","modified_gmt":"2014-11-30T16:58:43","slug":"nueva-reunion-del-consejo-municipal-de-acumar","status":"publish","type":"post","link":"https:\/\/www.elsindical.com.ar\/notas\/nueva-reunion-del-consejo-municipal-de-acumar\/","title":{"rendered":"Nueva reuni\u00f3n del Consejo Municipal de Acumar"},"content":{"rendered":"<p><a href=\"http:\/\/www.elsindical.com.ar\/notas\/var\/www\/html\/notas\/wp-content\/uploads\/2014\/11\/Acumar-municipal-noviembre-2014.jpg\"><img loading=\"lazy\" decoding=\"async\" class=\"alignnone size-medium wp-image-47575\" src=\"http:\/\/www.elsindical.com.ar\/notas\/var\/www\/html\/notas\/wp-content\/uploads\/2014\/11\/Acumar-municipal-noviembre-2014-300x179.jpg\" alt=\"Acumar-municipal-noviembre-2014\" width=\"300\" height=\"179\" srcset=\"https:\/\/www.elsindical.com.ar\/notas\/var\/www\/html\/notas\/wp-content\/uploads\/2014\/11\/Acumar-municipal-noviembre-2014-300x179.jpg 300w, https:\/\/www.elsindical.com.ar\/notas\/var\/www\/html\/notas\/wp-content\/uploads\/2014\/11\/Acumar-municipal-noviembre-2014-500x298.jpg 500w, https:\/\/www.elsindical.com.ar\/notas\/var\/www\/html\/notas\/wp-content\/uploads\/2014\/11\/Acumar-municipal-noviembre-2014.jpg 531w\" sizes=\"auto, (max-width: 300px) 100vw, 300px\" \/><\/a>Reproducimos nota publicada en la p\u00e1gina de ACUMAR.<\/p>\n<p>El pasado 19 de noviembre se llev\u00f3 a cabo una nueva reuni\u00f3n del Consejo Municipal de ACUMAR, en la que se abordaron temas relacionados al estado de avance en la relocalizaci\u00f3n de villas y asentamientos, plan de manejo H\u00eddrico, basurales, calidad ambiental y control industrial.<\/p>\n<p>Durante el encuentro, que presidi\u00f3 el responsable del Consejo Municipal, Emmanuel Gonzalez Santalla, el coordinador de plan de manejo h\u00eddrico del organismo, Mauricio Pereyra se refiri\u00f3 a la importancia de contar con un plan maestro de manejo h\u00eddrico, a la luz de los acontecimientos desatado en relaci\u00f3n al \u00faltimo temporal que dej\u00f3 varios partidos y zonas inundadas. Pereyra hizo entrega a todos los representantes del Consejo de un mapa especificando las distintas \u00e1reas inundadas.<\/p>\n<p>En relaci\u00f3n al tema basurales fue la coordinadora del \u00e1rea, Mar\u00eda Jos\u00e9 Jara, la encargada de realizar la actualizaci\u00f3n del tema y solicit\u00f3 colaboraci\u00f3n para asistir a las audiencias.<\/p>\n<p>En tanto, la coordinadora de control industrial, Iris Bejarano y el coordinador de calidad ambiental, Andr\u00e9s Carsen, tambi\u00e9n expusieron sobre los \u00faltimos avances en la materia de su competencia.<\/p>\n<p>Tal como se puede apreciar, el comunicado no dice nada relevante, no informa nada a los ciudadanos, y por el contrario, deja la sensaci\u00f3n de que todo est\u00e1 pendiente, inundaciones, basurales, calidad ambiental, relocalizaci\u00f3n de villas y asentamientos, que se sabe son una bomba de tiempo para el intendente que no ha encontrado ning\u00fan funcionario con la capacidad de manejar el tema.<\/p>\n<p>Mientras tanto, el silencioso y poco productivo concejal de La C\u00e1mpora Emmanuel Gonz\u00e1lez Santalla sigue sumando funciones, concejal, presidente de la comisi\u00f3n de seguridad del HCD, presidente del Consejo Municipal de ACUMAR, mucho ruido y pocas nueces.<\/p>\n","protected":false},"excerpt":{"rendered":"<p>Reproducimos nota publicada en la p\u00e1gina de ACUMAR. El pasado 19 de noviembre se llev\u00f3 a cabo una nueva reuni\u00f3n del Consejo Municipal de ACUMAR, en la que se abordaron temas relacionados al estado de avance en la relocalizaci\u00f3n de villas y asentamientos, plan de manejo H\u00eddrico, basurales, calidad ambiental y control industrial. Durante el&hellip;<\/p>\n","protected":false},"author":1,"featured_media":0,"comment_status":"open","ping_status":"open","sticky":false,"template":"","format":"standard","meta":{"footnotes":""},"categories":[13],"tags":[13480,20422,5134,20421,19350,3595],"class_list":["post-47574","post","type-post","status-publish","format-standard","hentry","category-politica","tag-acumar","tag-asentamientos","tag-basurales","tag-consejo-municipal-acumar","tag-emmanuel-gonzalez-santalla","tag-villas"],"_links":{"self":[{"href":"https:\/\/www.elsindical.com.ar\/notas\/wp-json\/wp\/v2\/posts\/47574","targetHints":{"allow":["GET"]}}],"collection":[{"href":"https:\/\/www.elsindical.com.ar\/notas\/wp-json\/wp\/v2\/posts"}],"about":[{"href":"https:\/\/www.elsindical.com.ar\/notas\/wp-json\/wp\/v2\/types\/post"}],"author":[{"embeddable":true,"href":"https:\/\/www.elsindical.com.ar\/notas\/wp-json\/wp\/v2\/users\/1"}],"replies":[{"embeddable":true,"href":"https:\/\/www.elsindical.com.ar\/notas\/wp-json\/wp\/v2\/comments?post=47574"}],"version-history":[{"count":1,"href":"https:\/\/www.elsindical.com.ar\/notas\/wp-json\/wp\/v2\/posts\/47574\/revisions"}],"predecessor-version":[{"id":47576,"href":"https:\/\/www.elsindical.com.ar\/notas\/wp-json\/wp\/v2\/posts\/47574\/revisions\/47576"}],"wp:attachment":[{"href":"https:\/\/www.elsindical.com.ar\/notas\/wp-json\/wp\/v2\/media?parent=47574"}],"wp:term":[{"taxonomy":"category","embeddable":true,"href":"https:\/\/www.elsindical.com.ar\/notas\/wp-json\/wp\/v2\/categories?post=47574"},{"taxonomy":"post_tag","embeddable":true,"href":"https:\/\/www.elsindical.com.ar\/notas\/wp-json\/wp\/v2\/tags?post=47574"}],"curies":[{"name":"wp","href":"https:\/\/api.w.org\/{rel}","templated":true}]}}