{"id":47503,"date":"2014-11-28T10:03:24","date_gmt":"2014-11-28T13:03:24","guid":{"rendered":"http:\/\/www.elsindical.com.ar\/notas\/?p=47503"},"modified":"2014-11-28T10:37:17","modified_gmt":"2014-11-28T13:37:17","slug":"sesion-del-hcd-de-avellaneda-del-27-de-noviembre","status":"publish","type":"post","link":"https:\/\/www.elsindical.com.ar\/notas\/sesion-del-hcd-de-avellaneda-del-27-de-noviembre\/","title":{"rendered":"Sesi\u00f3n del HCD de Avellaneda del 27 de noviembre"},"content":{"rendered":"<p><a href=\"http:\/\/www.elsindical.com.ar\/notas\/var\/www\/html\/notas\/wp-content\/uploads\/2014\/11\/P1470462.jpg\"><img loading=\"lazy\" decoding=\"async\" class=\"alignnone size-medium wp-image-47508\" src=\"http:\/\/www.elsindical.com.ar\/notas\/var\/www\/html\/notas\/wp-content\/uploads\/2014\/11\/P1470462-300x228.jpg\" alt=\"P1470462\" width=\"300\" height=\"228\" srcset=\"https:\/\/www.elsindical.com.ar\/notas\/var\/www\/html\/notas\/wp-content\/uploads\/2014\/11\/P1470462-300x228.jpg 300w, https:\/\/www.elsindical.com.ar\/notas\/var\/www\/html\/notas\/wp-content\/uploads\/2014\/11\/P1470462-394x300.jpg 394w, https:\/\/www.elsindical.com.ar\/notas\/var\/www\/html\/notas\/wp-content\/uploads\/2014\/11\/P1470462.jpg 738w\" sizes=\"auto, (max-width: 300px) 100vw, 300px\" \/><\/a>La sesi\u00f3n del jueves 27 de noviembre, tuvo como era de esperar otra muestra m\u00e1s de la baja calidad pol\u00edtica de algunos concejales, volvieron a cruzarse los concejales del FR con el concejal Jorge Degli Innocenti por el tema del Hospital de Wilde y la inseguridad en el partido.<\/p>\n<p>De la sesi\u00f3n podemos destacar algunos puntos, la caprichosa y hasta prepotente forma de reaccionar por parte del concejal Degli Innocenti, cuando se plantean temas sensibles para la gesti\u00f3n y que hacen que reacciones de manera violenta ya que la continuidad en reclamar sobre estos aspectos revelan por un lado, que las cosas al municipio en esas materias no les va nada bien y por otro lado que \u00e9l como el \u00abmanejador\u00bb del HCD est\u00e1 fallando.<\/p>\n<p>&nbsp;<\/p>\n<p><strong>El concejal Jorge Degli Innocenti comenz\u00f3 a derrapar<\/strong><\/p>\n<p>&nbsp;<\/p>\n<p>Durante muchos a\u00f1os, Jorge Degli Innocenti, fue sin\u00f3nimo de elocuencia y liderazgo, a\u00fan entre los opositores, el h\u00e1bito de la lectura, permitieron que en un HCD, que incluso fue presidido por pol\u00edticos que apenas sab\u00edan leer o escribir, su figura se destacara del resto y esto fue su \u00abvalor agregado\u00bb, mentir y prometer lo hacen casi todos los pol\u00edticos.<\/p>\n<p>Hoy como bien se autodefini\u00f3 en concejal en una reciente entrevista, pertenece al grupo de \u00ablos caballos cansados\u00bb, pero ocult\u00f3 su verdadero sentir, ya que el medio que lo entrevistaba no era un medio independiente, sino otro de esos medios partidarios que aparecen\u00a0para apuntalar el trabajo de 6,7, 8 en los partidos perif\u00e9ricos, pero son tambi\u00e9n y esto muchos se hacen los distra\u00eddos, una forma m\u00e1s de lavado de dinero, ya que no pueden justificar muchas veces la forma en que reciben el dinero de las pautas o como en el caso de la UNDAV, ante otro de estos medios, asegura no tener pauta, a lo que entonces uno se pregunta si existe la posibilidad de que alguien invierta en producir una publicaci\u00f3n a color con los costos que esto implica y regale espacios, raro porque cuando llamamos para publicitar, nos pasaron una tabla tarifaria, eso s\u00ed, cuando preguntamos por los datos de la factura para que nuestro contador preparar\u00e1 el cheque nos dijeron que en realidad si se necesita factura, se hace a nombre de un multimedios de un amigo, estas son algunas de las publicaciones que se reparten en el HCD, el municipio y la UNDAV.<\/p>\n<p>Pero volviendo a nuestro patriarca concejal, quien no deja de tener el protagonismo, al indicarle a cada uno lo que se tiene que hacer, ha dicho la verdad en que para presidir tuvo que relegar ambiciones personales, ya que esperaba con ansias ser el presidente del HCD, pero solo se pudo conformar con presidir el bloque del FpV y que le den la licencia de manejar desde su banca las decisiones del presidente del HCD, el concejal Hugo Dino Barrueco, que en cada sesi\u00f3n demuestra que no solo no est\u00e1 capacitado para presidir el HCD, sino que en tantos a\u00f1os de pol\u00edtica no aprendi\u00f3 lo m\u00ednimo indispensable para comprender ciertas decisiones, entonces uno se pregunta y los abogados que cobran como asesores?.<\/p>\n<p>Degli volvi\u00f3 a ponerse nervioso en algunos pasajes de la sesi\u00f3n, intenta dominar sus reacciones pero se saca, discute, habla por sobre su interlocutor e intenta luego explicar lo que dijo sin pensar minutos antes, como cuando intent\u00f3 despegarse de los conceptos inentendibles del concejal H\u00e9ctor Villagra, quien acus\u00f3 al concejal Alessi y Leiva de HACER POL\u00cdTICA, s\u00ed aunque cueste creerlo, parecer\u00eda que en el recinto de los concejos deliberantes, es malo hacer pol\u00edtica, ser\u00e1 que el concejal Villagra hace otra cosa?.<\/p>\n<p>A\u00fan nadie ha podido informar sobre los motivos por los cuales no se ha aprobado finalmente el presupuesto, ni de quien es la responsabilidad.<\/p>\n<p>Personalmente siempre he sentido un profundo respeto por la tenacidad del concejal Degli Innocenti, e incluso en esta etapa de circular por la banquina, espero que pueda volver a retomar el camino correcto, ya que es con sus errores un pol\u00edtico que respira pol\u00edtica, y no solo ha dejado de lado por la pol\u00edtica intereses personales en la pol\u00edtica, ha dejado parte de su vida privada por mantenerse en la pol\u00edtica, algo que no es f\u00e1cil de manejar.<\/p>\n<p>&nbsp;<\/p>\n<p><strong>Debuto la comisi\u00f3n de seguridad<\/strong><\/p>\n<p>&nbsp;<\/p>\n<p>Como era de esperar, el debut de la comisi\u00f3n de seguridad, hizo su presentaci\u00f3n mandando a archivo cuatro expedientes vinculados al tema, aunque cueste creerlo se\u00f1ores vecinos, la comisi\u00f3n que en teor\u00eda se iba a ocupar de analizar y resolver algunas medidas respecto de la seguridad confirm\u00f3 que no existe independencia de poderes y con un presidente a cargo de la misma, que no tiene ning\u00fan conocimiento de la materia, mucho menos de lo que significa el respeto, como lo es el concejal Emmanuel Gonz\u00e1lez Santalla, a quien algunos creen que es buena idea instalar como un dirigente o pol\u00edtico con mayor proyecci\u00f3n, parecen no querer ver que se est\u00e1 frente a un simulador profesional, dec\u00edamos que no hablaba en el recinto y la verdad que para decir tan solo unas pocas palabras sin coherencia, es preferible que se quede callado, tan fue as\u00ed su participaci\u00f3n en el HCD que Degli tuvo que salir con fuerza a defender las decisiones de la comisi\u00f3n en eso de que la mejor defensa es el ataque, b\u00e1sico, pero que al veterano concejal le suele dar resultado ante la pasividad de los otros concejales.<\/p>\n<p>El otro mandam\u00e1s de la comisi\u00f3n es el impresentable de H\u00e9ctor Villagra, solo en Avellaneda, se puede nombrar como vicepresidente a un tipo que es un analfabeto pol\u00edtico, sin ning\u00fan conocimiento sobre seguridad, alguien que fue denunciado por un par y su mujer, que se muestra irrespetuoso de las normas b\u00e1sicas de convivencia al llevar a las sesiones a su patota de muchachos con prontuario, alguien que los vecinos movilizados de Sarand\u00ed repudian porque recuerdan que cuando a\u00fan no era concejal recog\u00eda y \u00abbancaba\u00bb a barras y muchachos de mal vivir para los actos del intendente Ferraresi, esta persona, opina y decide sobre temas de seguridad en Avellaneda.<\/p>\n<p>El resto de los que integran la comisi\u00f3n como Sandra Alice y Rub\u00e9n Conde, se sabe que est\u00e1n en sinton\u00eda con la gesti\u00f3n\u00a0y todo les parece muy bueno, si se hubieran reunido con Luis <em><strong>Vitette<\/strong><\/em> Sellanes, seguramente tambi\u00e9n se habr\u00edan sentido maravillados.<\/p>\n<p>El \u00fanico que hizo una diferencia de lo que se charl\u00f3 en la comisi\u00f3n fue el concejal Benicio Guti\u00e9rrez, quien no es santo de mi devoci\u00f3n, pero ha terminado por mostrar que su experiencia en las calles, ya que es uno de los concejales que hist\u00f3ricamente est\u00e1 en el barro por decirlo as\u00ed y\u00a0no cuando est\u00e1n en campa\u00f1a, critic\u00f3 el panorama tan bello que la subsecretaria de seguridad M\u00f3nica Ghirelli les relato, incluso porque se aleja de la realidad. Esto volvi\u00f3 a motivar el enojo del concejal Degli, que tambi\u00e9n estuvo presente a pesar de no integrar la comisi\u00f3n, no porque como \u00e9l dice pueden estar presentes todos los concejales, sino porque sabe muy bien que no puede dejar a los \u00abchicos\u00bb solos. De hecho las sesiones no deber\u00edan ser libres para todos los concejales, sino para todos los vecinos, ya que despu\u00e9s de todo, ellos ostentan cargos que no les pertenecen sino que los ejercen por un determinado tiempo, pero los cargos son del pueblo se\u00f1ores.<\/p>\n<p>As\u00ed las cosas, se archivaron los expedientes con la excusa de que se hab\u00edan tratado y resuelto, es decir, seg\u00fan el criterio del concejal Degli Innocenti, ante un reclamo vecinal por inseguridad, y el pedido de colocar una c\u00e1mara de todas las que ostenta haber comprado el intendente, la respuesta del ejecutivo en la persona de la subsecretaria es que se va a evaluar, en el mientras tanto, nada. Poco serio para alguien como usted se\u00f1or concejal, que incluso no se hace cargo de estos mamarrachos e intenta culpar a la burocracia, si usted pide no se usen chicanas como mencionar que donde se pide la c\u00e1mara a metros asesinaron a un vecino, usted tampoco culpe a la burocracia, o no era usted el que en la sesi\u00f3n anterior dijo que el reglamento lo modifican y la hacen ustedes?.<\/p>\n<p>Por eso desde el Multimedios El Sindical, seguiremos subiendo el audio de las sesiones completas, para que usted vecino escuche las burradas de nuestros concejales, y las fotos de otros que est\u00e1n en una pose irrespetuosa como el concejal H\u00e9ctor Villagra que parec\u00eda estar en un cafet\u00edn, acompa\u00f1ado por una de sus asistentes dentro del recinto, \u00bf qu\u00e9 es eso?.<\/p>\n<p>Para concluir, si usted ve que no puede caminar por las veredas de Mitre, porque Bloise, Per Tuti, El Piave u otros comercios le colocan mesas, no se queje que seg\u00fan el concejal Jorge Degli Innocenti, eso es una muestra de que en Avellaneda, la inseguridad ha bajado notablemente, as\u00ed que no tema y salga con su Rolex, Notebook y joyas, si el pol\u00edtico m\u00e1s veterano del concejo lo asegura, habr\u00e1 que creerle.<\/p>\n<p><a href=\"http:\/\/www.elsindical.com.ar\/notas\/var\/www\/html\/notas\/wp-content\/uploads\/2014\/11\/P1470447.jpg\"><img loading=\"lazy\" decoding=\"async\" class=\"alignnone size-medium wp-image-47509\" src=\"http:\/\/www.elsindical.com.ar\/notas\/var\/www\/html\/notas\/wp-content\/uploads\/2014\/11\/P1470447-300x224.jpg\" alt=\"P1470447\" width=\"300\" height=\"224\" srcset=\"https:\/\/www.elsindical.com.ar\/notas\/var\/www\/html\/notas\/wp-content\/uploads\/2014\/11\/P1470447-300x224.jpg 300w, https:\/\/www.elsindical.com.ar\/notas\/var\/www\/html\/notas\/wp-content\/uploads\/2014\/11\/P1470447-400x300.jpg 400w, https:\/\/www.elsindical.com.ar\/notas\/var\/www\/html\/notas\/wp-content\/uploads\/2014\/11\/P1470447.jpg 738w\" sizes=\"auto, (max-width: 300px) 100vw, 300px\" \/><\/a><\/p>\n<p><iframe loading=\"lazy\" src=\"\/\/www.youtube.com\/embed\/7z3zojH-LgE?list=UUbParqdNFYJTnRa1N7putjg\" width=\"580\" height=\"420\" frameborder=\"0\" allowfullscreen=\"allowfullscreen\"><\/iframe><\/p>\n<p><em><strong>\u00a0Por Marcelo Ricardo Hawrylciw<\/strong><\/em><\/p>\n","protected":false},"excerpt":{"rendered":"<p>La sesi\u00f3n del jueves 27 de noviembre, tuvo como era de esperar otra muestra m\u00e1s de la baja calidad pol\u00edtica de algunos concejales, volvieron a cruzarse los concejales del FR con el concejal Jorge Degli Innocenti por el tema del Hospital de Wilde y la inseguridad en el partido. De la sesi\u00f3n podemos destacar algunos&hellip;<\/p>\n","protected":false},"author":1,"featured_media":0,"comment_status":"open","ping_status":"open","sticky":false,"template":"","format":"standard","meta":{"footnotes":""},"categories":[1,10],"tags":[461,10981,19350,16587,16470,14279,15486,3648,19955,3231],"class_list":["post-47503","post","type-post","status-publish","format-standard","hentry","category-destacadas","category-editorial","tag-avellaneda","tag-comision-de-seguridad","tag-emmanuel-gonzalez-santalla","tag-hcd","tag-hector-villagra","tag-hugo-dino-barrueco","tag-jorge-degli-innocenti","tag-patota","tag-sandra-alice","tag-sesion"],"_links":{"self":[{"href":"https:\/\/www.elsindical.com.ar\/notas\/wp-json\/wp\/v2\/posts\/47503","targetHints":{"allow":["GET"]}}],"collection":[{"href":"https:\/\/www.elsindical.com.ar\/notas\/wp-json\/wp\/v2\/posts"}],"about":[{"href":"https:\/\/www.elsindical.com.ar\/notas\/wp-json\/wp\/v2\/types\/post"}],"author":[{"embeddable":true,"href":"https:\/\/www.elsindical.com.ar\/notas\/wp-json\/wp\/v2\/users\/1"}],"replies":[{"embeddable":true,"href":"https:\/\/www.elsindical.com.ar\/notas\/wp-json\/wp\/v2\/comments?post=47503"}],"version-history":[{"count":7,"href":"https:\/\/www.elsindical.com.ar\/notas\/wp-json\/wp\/v2\/posts\/47503\/revisions"}],"predecessor-version":[{"id":47512,"href":"https:\/\/www.elsindical.com.ar\/notas\/wp-json\/wp\/v2\/posts\/47503\/revisions\/47512"}],"wp:attachment":[{"href":"https:\/\/www.elsindical.com.ar\/notas\/wp-json\/wp\/v2\/media?parent=47503"}],"wp:term":[{"taxonomy":"category","embeddable":true,"href":"https:\/\/www.elsindical.com.ar\/notas\/wp-json\/wp\/v2\/categories?post=47503"},{"taxonomy":"post_tag","embeddable":true,"href":"https:\/\/www.elsindical.com.ar\/notas\/wp-json\/wp\/v2\/tags?post=47503"}],"curies":[{"name":"wp","href":"https:\/\/api.w.org\/{rel}","templated":true}]}}