{"id":47447,"date":"2014-11-25T09:30:20","date_gmt":"2014-11-25T12:30:20","guid":{"rendered":"http:\/\/www.elsindical.com.ar\/notas\/?p=47447"},"modified":"2014-11-25T09:30:20","modified_gmt":"2014-11-25T12:30:20","slug":"emmanuel-santalla-el-gran-simulador-de-la-campora","status":"publish","type":"post","link":"https:\/\/www.elsindical.com.ar\/notas\/emmanuel-santalla-el-gran-simulador-de-la-campora\/","title":{"rendered":"Emmanuel Santalla el \u00abgran simulador\u00bb de La C\u00e1mpora"},"content":{"rendered":"<p><a href=\"http:\/\/www.elsindical.com.ar\/notas\/var\/www\/html\/notas\/wp-content\/uploads\/2014\/07\/Emmanuel-G-Santalla.jpg\"><img loading=\"lazy\" decoding=\"async\" class=\"alignnone size-medium wp-image-44432\" src=\"http:\/\/www.elsindical.com.ar\/notas\/var\/www\/html\/notas\/wp-content\/uploads\/2014\/07\/Emmanuel-G-Santalla-300x211.jpg\" alt=\"Emmanuel-G-Santalla\" width=\"300\" height=\"211\" srcset=\"https:\/\/www.elsindical.com.ar\/notas\/var\/www\/html\/notas\/wp-content\/uploads\/2014\/07\/Emmanuel-G-Santalla-300x211.jpg 300w, https:\/\/www.elsindical.com.ar\/notas\/var\/www\/html\/notas\/wp-content\/uploads\/2014\/07\/Emmanuel-G-Santalla-424x300.jpg 424w, https:\/\/www.elsindical.com.ar\/notas\/var\/www\/html\/notas\/wp-content\/uploads\/2014\/07\/Emmanuel-G-Santalla.jpg 531w\" sizes=\"auto, (max-width: 300px) 100vw, 300px\" \/><\/a> <em>Emmanuel Gonz\u00e1lez Santalla, es para los que no siguen la pol\u00edtica un concejal de Avellaneda, que su \u00fanico m\u00e9rito a la fecha es ser el hijo de, y con este \u00fanico requisito, se abri\u00f3 paso en la pol\u00edtica, desde La C\u00e1mpora, fue aplaudiendo de manera aduladora hasta tener la atenci\u00f3n de los popes de la agrupaci\u00f3n\u00a0hasta llegar a que M\u00e1ximo Kirchner le dispensara algo de atenci\u00f3n.<\/em><\/p>\n<p>Con estas roscas pol\u00edticas, donde cualquiera de estas gestos abre puertas, desde hace unos meses, se acord\u00f3 pol\u00edticamente que desde el ejecutivo municipal que encabeza Jorge Ferraresi, se iba a apoyar la idea de que el concejal se pueda postular en un breve futuro para un cargo superior, de m\u00ednima diputado, pero el intendente, desconfiado de los pol\u00edticos no ha dejado mientras tanto de \u00abcoquetear\u00bb con distintos referentes, ya que no quiere quedarse sin el pan\u00a0y la torta.<\/p>\n<p>En una entrevista que publica el medio elegido y financiado por el municipio, el concejal sin voz en el HCD dijo algunas de estas cosas:<\/p>\n<p>\u201cexisten distintas posturas\u201d sobre c\u00f3mo debe jugar el kirchnerismo local en las pr\u00f3ximas elecciones a nivel provincial y nacional debido a la cantidad de precandidatos que hay.<\/p>\n<p>\u201cLa realidad es que nosotros somos la fuerza pol\u00edtica que tiene la mayor intenci\u00f3n de voto y la mayor cantidad de candidato a presidente con la posibilidad de disputar y ganar\u201d, enfatiz\u00f3 el edil.<\/p>\n<p>Se\u00f1al\u00f3 que \u201cel kirchnerismo es una fuerza muy amplia que se relativiza, que est\u00e1 con muchas ganas y preparada para ganar\u201d y consider\u00f3 que \u201csi se va con un solo candidato o con varios, son posiciones que tienen los compa\u00f1eros y es respetable\u201d.<\/p>\n<p><strong>Reelecci\u00f3n de Ferraresi.<\/strong> \u201cEs una buena noticia para nosotros y para todos los vecinos que Ferraresi decida ir por la reelecci\u00f3n\u201d, destac\u00f3 y asever\u00f3 que \u201ccuando uno va a los barrios, el vecino sabe que faltan cosas pero tambi\u00e9n ve todo lo que se hizo y lo que se est\u00e1 haciendo desde la gesti\u00f3n\u201d.<\/p>\n<p>Subray\u00f3 que \u201cla ciudadan\u00eda sabe que la posibilidad de seguir resolviendo los problemas es a trav\u00e9s de esta fuerza pol\u00edtica y Ferraresi es un hombre del kirchnerismo y el mejor candidato de Avellaneda\u201d.<\/p>\n<p><strong>Aumento de tasas municipales.<\/strong> En la \u00faltima sesi\u00f3n se ratific\u00f3 la ordenanza Fiscal e Impositiva 2015 por mayor\u00eda del FpV y el acompa\u00f1amiento del Frente Renovador de Sandra Alice. Santalla evalu\u00f3 que la suba de las tasas \u201ces un aumento racional cuando se ven los incrementos de otros municipios\u201d y apunt\u00f3 que \u201cel vecino de Avellaneda y comerciante que vive y trabaja en el distrito, ve los cambios, se puede dar cuenta que lo que aporta en t\u00e9rminos impositivos se devuelve en gesti\u00f3n y servicios\u201d.<\/p>\n<p>Cuestion\u00f3, por otra parte, a los bloques que se opusieron y manifest\u00f3 que \u201cno tienen vocaci\u00f3n de ganar el municipio. Ellos traen proyectos para hacer plazas, arreglo de veredas, calles e instalar c\u00e1maras y no se dan cuenta que todo eso se hace con el aporte del vecino\u201d.<\/p>\n<p><strong>Situaci\u00f3n del hospital de Wilde.<\/strong> Una vez m\u00e1s, la posible provincializaci\u00f3n del hospital de Wilde fue eje de debate en el recinto cuando el concejal massista Jos\u00e9 Alessi present\u00f3 un expediente para que \u201cse elimine la posibilidad\u201d de que el centro de salud pase a la \u00f3rbita provincial.<\/p>\n<p>El concejal cuestion\u00f3 la iniciativa y pidi\u00f3 \u201cseparar las cosas\u201d al se\u00f1alar que \u201cesto es una decisi\u00f3n del intendente y adem\u00e1s la Comisi\u00f3n Evaluadora todav\u00eda tiene que analizar la posibilidad cierta o no de provincializar\u201d.<\/p>\n<p>\u201cLa oposici\u00f3n quiere poner esto en t\u00e9rminos de privatizaci\u00f3n, quieren decir que estamos entregando el hospital a la nada o que lo estamos dejando sin funcionamiento y solamente lo estar\u00edamos pasando a manos de Provincia\u201d, asever\u00f3.<\/p>\n<p>Santalla consider\u00f3 que un sector del Frente Renovador \u201cquieren dar una discusi\u00f3n cuando ellos est\u00e1n parados en la vereda de enfrente y representan una etapa de la Argentina en donde todo lo que era p\u00fablico lo privatizaron\u201d.<\/p>\n<p>\u201cSe est\u00e1 haciendo un uso pol\u00edtico del tema, est\u00e1n montando un circo que es m\u00e1s para los medios que para la gesti\u00f3n del hospital\u201d, finaliz\u00f3.<\/p>\n<p>&nbsp;<\/p>\n<p>O Emmanuel Santalla tiene problemas de interpretaci\u00f3n, es un hip\u00f3crita profesional o nos toma a los vecinos de idiotas, al resto a los periodistas que no hablan se los entretiene con la pauta oficial, decir que se est\u00e1 haciendo un uso pol\u00edtico del tema, es lo m\u00e1s vac\u00edo de contenido y rid\u00edculo, \u00bfest\u00e1 es la gente referente de M\u00e1ximo Kirchner? en el HCD se debate pol\u00edtica, los concejales son pol\u00edticos, y si el propio concejal reconoce en sus declaraciones que la decisi\u00f3n fue del intendente, entonces est\u00e1n en un problema, ya que el intendente se ha excedido en sus atribuciones y ustedes en lugar de hacer respetar la independencia de los poderes, se han alineado detr\u00e1s de una idea que ni siquiera saben si es la correcta.<\/p>\n<p>Usted que durante las sesiones se la pasa charlando y riendo con el concejal Jorge Degli Innocenti, preg\u00fantele si no tiene un mea culpa de haberse hecho atender \u00e9l y su familia, amigos\/as y nunca haber pasado la atenci\u00f3n y gastos por sus obras sociales, \u00e9l al igual que varios de los mentirosos y traidores que se encuentran sentados en el recinto tienen la memoria fr\u00e1gil para con los profesionales y empleados del hospital, mejore sus argumentos Santalla, y deje de simular, no se puede vivir fingiendo.<\/p>\n<p>&nbsp;<\/p>\n<p><em><strong>Por Marcelo Ricardo Hawrylciw<\/strong><\/em><\/p>\n","protected":false},"excerpt":{"rendered":"<p>Emmanuel Gonz\u00e1lez Santalla, es para los que no siguen la pol\u00edtica un concejal de Avellaneda, que su \u00fanico m\u00e9rito a la fecha es ser el hijo de, y con este \u00fanico requisito, se abri\u00f3 paso en la pol\u00edtica, desde La C\u00e1mpora, fue aplaudiendo de manera aduladora hasta tener la atenci\u00f3n de los popes de la&hellip;<\/p>\n","protected":false},"author":1,"featured_media":0,"comment_status":"open","ping_status":"open","sticky":false,"template":"","format":"standard","meta":{"footnotes":""},"categories":[13],"tags":[461,19350,16587,1062,7672,882],"class_list":["post-47447","post","type-post","status-publish","format-standard","hentry","category-politica","tag-avellaneda","tag-emmanuel-gonzalez-santalla","tag-hcd","tag-jorge-ferraresi","tag-maximo-kirchner","tag-wilde"],"_links":{"self":[{"href":"https:\/\/www.elsindical.com.ar\/notas\/wp-json\/wp\/v2\/posts\/47447","targetHints":{"allow":["GET"]}}],"collection":[{"href":"https:\/\/www.elsindical.com.ar\/notas\/wp-json\/wp\/v2\/posts"}],"about":[{"href":"https:\/\/www.elsindical.com.ar\/notas\/wp-json\/wp\/v2\/types\/post"}],"author":[{"embeddable":true,"href":"https:\/\/www.elsindical.com.ar\/notas\/wp-json\/wp\/v2\/users\/1"}],"replies":[{"embeddable":true,"href":"https:\/\/www.elsindical.com.ar\/notas\/wp-json\/wp\/v2\/comments?post=47447"}],"version-history":[{"count":1,"href":"https:\/\/www.elsindical.com.ar\/notas\/wp-json\/wp\/v2\/posts\/47447\/revisions"}],"predecessor-version":[{"id":47448,"href":"https:\/\/www.elsindical.com.ar\/notas\/wp-json\/wp\/v2\/posts\/47447\/revisions\/47448"}],"wp:attachment":[{"href":"https:\/\/www.elsindical.com.ar\/notas\/wp-json\/wp\/v2\/media?parent=47447"}],"wp:term":[{"taxonomy":"category","embeddable":true,"href":"https:\/\/www.elsindical.com.ar\/notas\/wp-json\/wp\/v2\/categories?post=47447"},{"taxonomy":"post_tag","embeddable":true,"href":"https:\/\/www.elsindical.com.ar\/notas\/wp-json\/wp\/v2\/tags?post=47447"}],"curies":[{"name":"wp","href":"https:\/\/api.w.org\/{rel}","templated":true}]}}