{"id":47362,"date":"2014-11-21T17:22:49","date_gmt":"2014-11-21T20:22:49","guid":{"rendered":"http:\/\/www.elsindical.com.ar\/notas\/?p=47362"},"modified":"2014-11-21T17:22:49","modified_gmt":"2014-11-21T20:22:49","slug":"25-anos-de-el-diario-de-moron","status":"publish","type":"post","link":"https:\/\/www.elsindical.com.ar\/notas\/25-anos-de-el-diario-de-moron\/","title":{"rendered":"25 a\u00f1os de El diario de Mor\u00f3n"},"content":{"rendered":"<p><a href=\"http:\/\/www.elsindical.com.ar\/notas\/var\/www\/html\/notas\/wp-content\/uploads\/2014\/11\/El-diario-de-Mor\u00f3n.jpg\"><img loading=\"lazy\" decoding=\"async\" class=\"alignnone size-medium wp-image-47363\" src=\"http:\/\/www.elsindical.com.ar\/notas\/var\/www\/html\/notas\/wp-content\/uploads\/2014\/11\/El-diario-de-Mor\u00f3n-300x234.jpg\" alt=\"El-diario-de-Mor\u00f3n\" width=\"300\" height=\"234\" srcset=\"https:\/\/www.elsindical.com.ar\/notas\/var\/www\/html\/notas\/wp-content\/uploads\/2014\/11\/El-diario-de-Mor\u00f3n-300x234.jpg 300w, https:\/\/www.elsindical.com.ar\/notas\/var\/www\/html\/notas\/wp-content\/uploads\/2014\/11\/El-diario-de-Mor\u00f3n.jpg 325w\" sizes=\"auto, (max-width: 300px) 100vw, 300px\" \/><\/a>Llegamos a los 25.<\/p>\n<p>Parece que fue ayer que naci\u00f3 El diario de Mor\u00f3n.<\/p>\n<p>Corr\u00eda el tumultuoso 1989, Ca\u00edda del Muro, hiperinflaci\u00f3n, saqueos, Bush y menemismo mediante.<\/p>\n<p>Pero sobrevivimos.<\/p>\n<p>Motivo de sobra para festejar.<\/p>\n<p>Te espero el jueves 27, a las 12, en el Auditorio de la Universidad de Mor\u00f3n, (Cabildo 134).<\/p>\n","protected":false},"excerpt":{"rendered":"<p>Llegamos a los 25. Parece que fue ayer que naci\u00f3 El diario de Mor\u00f3n. Corr\u00eda el tumultuoso 1989, Ca\u00edda del Muro, hiperinflaci\u00f3n, saqueos, Bush y menemismo mediante. Pero sobrevivimos. Motivo de sobra para festejar. Te espero el jueves 27, a las 12, en el Auditorio de la Universidad de Mor\u00f3n, (Cabildo 134).<\/p>\n","protected":false},"author":1,"featured_media":0,"comment_status":"open","ping_status":"open","sticky":false,"template":"","format":"standard","meta":{"footnotes":""},"categories":[24],"tags":[718,51,1932],"class_list":["post-47362","post","type-post","status-publish","format-standard","hentry","category-sociales","tag-cumpleanos","tag-diario","tag-moron"],"_links":{"self":[{"href":"https:\/\/www.elsindical.com.ar\/notas\/wp-json\/wp\/v2\/posts\/47362","targetHints":{"allow":["GET"]}}],"collection":[{"href":"https:\/\/www.elsindical.com.ar\/notas\/wp-json\/wp\/v2\/posts"}],"about":[{"href":"https:\/\/www.elsindical.com.ar\/notas\/wp-json\/wp\/v2\/types\/post"}],"author":[{"embeddable":true,"href":"https:\/\/www.elsindical.com.ar\/notas\/wp-json\/wp\/v2\/users\/1"}],"replies":[{"embeddable":true,"href":"https:\/\/www.elsindical.com.ar\/notas\/wp-json\/wp\/v2\/comments?post=47362"}],"version-history":[{"count":1,"href":"https:\/\/www.elsindical.com.ar\/notas\/wp-json\/wp\/v2\/posts\/47362\/revisions"}],"predecessor-version":[{"id":47364,"href":"https:\/\/www.elsindical.com.ar\/notas\/wp-json\/wp\/v2\/posts\/47362\/revisions\/47364"}],"wp:attachment":[{"href":"https:\/\/www.elsindical.com.ar\/notas\/wp-json\/wp\/v2\/media?parent=47362"}],"wp:term":[{"taxonomy":"category","embeddable":true,"href":"https:\/\/www.elsindical.com.ar\/notas\/wp-json\/wp\/v2\/categories?post=47362"},{"taxonomy":"post_tag","embeddable":true,"href":"https:\/\/www.elsindical.com.ar\/notas\/wp-json\/wp\/v2\/tags?post=47362"}],"curies":[{"name":"wp","href":"https:\/\/api.w.org\/{rel}","templated":true}]}}