{"id":47327,"date":"2014-11-20T00:05:13","date_gmt":"2014-11-20T03:05:13","guid":{"rendered":"http:\/\/www.elsindical.com.ar\/notas\/?p=47327"},"modified":"2014-11-20T00:05:13","modified_gmt":"2014-11-20T03:05:13","slug":"grave-denuncia-contra-la-clinica-nuestra-senora-del-pilar","status":"publish","type":"post","link":"https:\/\/www.elsindical.com.ar\/notas\/grave-denuncia-contra-la-clinica-nuestra-senora-del-pilar\/","title":{"rendered":"Grave denuncia contra la Cl\u00ednica Nuestra Se\u00f1ora del Pilar"},"content":{"rendered":"<p><a href=\"http:\/\/www.elsindical.com.ar\/notas\/var\/www\/html\/notas\/wp-content\/uploads\/2014\/11\/anciano-echado-cl\u00ednica.jpg\"><img loading=\"lazy\" decoding=\"async\" class=\"alignnone size-medium wp-image-47328\" src=\"http:\/\/www.elsindical.com.ar\/notas\/var\/www\/html\/notas\/wp-content\/uploads\/2014\/11\/anciano-echado-cl\u00ednica-300x189.jpg\" alt=\"anciano-echado-cl\u00ednica\" width=\"300\" height=\"189\" srcset=\"https:\/\/www.elsindical.com.ar\/notas\/var\/www\/html\/notas\/wp-content\/uploads\/2014\/11\/anciano-echado-cl\u00ednica-300x189.jpg 300w, https:\/\/www.elsindical.com.ar\/notas\/var\/www\/html\/notas\/wp-content\/uploads\/2014\/11\/anciano-echado-cl\u00ednica-475x300.jpg 475w, https:\/\/www.elsindical.com.ar\/notas\/var\/www\/html\/notas\/wp-content\/uploads\/2014\/11\/anciano-echado-cl\u00ednica.jpg 531w\" sizes=\"auto, (max-width: 300px) 100vw, 300px\" \/><\/a>Una mujer le cont\u00f3\u00a0lo que le toc\u00f3 vivir hace unos d\u00edas:\u00a0<em>\u00abEcharon a mi pap\u00e1 a la calle, desnudo y sin ambulancia. Ahora est\u00e1 sin comer desde el lunes porque tampoco me dieron una bomba para que pueda ingerir comida. Lo est\u00e1n matando\u00bb.<\/em><\/p>\n<p>Inhumano. No hay otra palabra para describir lo que, de acuerdo a una denuncia,\u00a0le hicieron vivir a un anciano de 84 a\u00f1os, que padece demencia senil y no puede comer por sus propios medios.<em> \u00abMi pap\u00e1 <\/em><strong>(Paulino Dom\u00ednguez<\/strong>)<em> estaba internado en la cl\u00ednica Nuestra Se\u00f1ora del Pilar y hace unos d\u00edas lo echaron como un perro a la calle. Me obligaron a sacarlo desnudo, ni siquiera lo trasladaron en ambulancia hasta mi casa porque vivimos en el Fuerte Apache. Y mientras estuvo ah\u00ed, la cama estaba oxidada. Hice la denuncia en la comisar\u00eda y tambi\u00e9n en PAMI, pero nunca recib\u00ed una respuesta por el maltrato\u00bb<\/em>, le cont\u00f3\u00a0una de sus hijas, <strong>Cristina Dom\u00ednguez<\/strong>.<\/p>\n<p>Consultada sobre qu\u00e9 justificaci\u00f3n le dieron para sacar a su padre, la mujer contest\u00f3: <em>\u00abUna jefa de la cl\u00ednica, de apellido Toboada, me dijo que eso no era un geri\u00e1trico y se ri\u00f3 en mi cara cuando le cont\u00e9 que los iba a denunciar. Estoy muy triste, ya no s\u00e9 qu\u00e9 hacer para que mi pap\u00e1 est\u00e9 mejor\u00bb.<\/em><\/p>\n<p>Y, \u00bfc\u00f3mo se encuentra ahora Paulino? <em>\u00abNo come desde el lunes porque no tenemos forma de alimentarlo. Nos falta la bomba de comida y cada vez se deteriora m\u00e1s. Fui a ver al m\u00e9dico de cabecera y ni siquiera tiene la historia cl\u00ednica porque no se la hab\u00edan mandado desde el lugar donde estuvo internado mi pap\u00e1. El doctor me dijo que nos preparemos para lo peor. A mi viejito le pesan los ojos, est\u00e1 depresivo y lo est\u00e1n matando al dejarlo morir\u00bb<\/em>, cuenta con agustia Cristina, mientras espera que alguien ayude a su\u00a0pap\u00e1.<\/p>\n<p>&nbsp;<\/p>\n<p><strong>Fuente: Cr\u00f3nica<\/strong><\/p>\n","protected":false},"excerpt":{"rendered":"<p>Una mujer le cont\u00f3\u00a0lo que le toc\u00f3 vivir hace unos d\u00edas:\u00a0\u00abEcharon a mi pap\u00e1 a la calle, desnudo y sin ambulancia. Ahora est\u00e1 sin comer desde el lunes porque tampoco me dieron una bomba para que pueda ingerir comida. Lo est\u00e1n matando\u00bb. Inhumano. No hay otra palabra para describir lo que, de acuerdo a una&hellip;<\/p>\n","protected":false},"author":1,"featured_media":0,"comment_status":"open","ping_status":"open","sticky":false,"template":"","format":"standard","meta":{"footnotes":""},"categories":[6],"tags":[412,20359,3582],"class_list":["post-47327","post","type-post","status-publish","format-standard","hentry","category-denuncias","tag-anciano","tag-clinica-nuestra-senora-del-pilar","tag-pami"],"_links":{"self":[{"href":"https:\/\/www.elsindical.com.ar\/notas\/wp-json\/wp\/v2\/posts\/47327","targetHints":{"allow":["GET"]}}],"collection":[{"href":"https:\/\/www.elsindical.com.ar\/notas\/wp-json\/wp\/v2\/posts"}],"about":[{"href":"https:\/\/www.elsindical.com.ar\/notas\/wp-json\/wp\/v2\/types\/post"}],"author":[{"embeddable":true,"href":"https:\/\/www.elsindical.com.ar\/notas\/wp-json\/wp\/v2\/users\/1"}],"replies":[{"embeddable":true,"href":"https:\/\/www.elsindical.com.ar\/notas\/wp-json\/wp\/v2\/comments?post=47327"}],"version-history":[{"count":1,"href":"https:\/\/www.elsindical.com.ar\/notas\/wp-json\/wp\/v2\/posts\/47327\/revisions"}],"predecessor-version":[{"id":47329,"href":"https:\/\/www.elsindical.com.ar\/notas\/wp-json\/wp\/v2\/posts\/47327\/revisions\/47329"}],"wp:attachment":[{"href":"https:\/\/www.elsindical.com.ar\/notas\/wp-json\/wp\/v2\/media?parent=47327"}],"wp:term":[{"taxonomy":"category","embeddable":true,"href":"https:\/\/www.elsindical.com.ar\/notas\/wp-json\/wp\/v2\/categories?post=47327"},{"taxonomy":"post_tag","embeddable":true,"href":"https:\/\/www.elsindical.com.ar\/notas\/wp-json\/wp\/v2\/tags?post=47327"}],"curies":[{"name":"wp","href":"https:\/\/api.w.org\/{rel}","templated":true}]}}