{"id":47314,"date":"2014-11-19T17:34:14","date_gmt":"2014-11-19T20:34:14","guid":{"rendered":"http:\/\/www.elsindical.com.ar\/notas\/?p=47314"},"modified":"2014-11-19T17:34:14","modified_gmt":"2014-11-19T20:34:14","slug":"jorge-degli-innocenti-podria-ser-el-nuevo-dolor-de-cabeza-de-jorge-ferraresi","status":"publish","type":"post","link":"https:\/\/www.elsindical.com.ar\/notas\/jorge-degli-innocenti-podria-ser-el-nuevo-dolor-de-cabeza-de-jorge-ferraresi\/","title":{"rendered":"Jorge Degli Innocenti podr\u00eda ser el nuevo dolor de cabeza de Jorge Ferraresi"},"content":{"rendered":"<p><a href=\"http:\/\/www.elsindical.com.ar\/notas\/var\/www\/html\/notas\/wp-content\/uploads\/2014\/11\/P1460920.jpg\"><img loading=\"lazy\" decoding=\"async\" class=\"alignnone size-medium wp-image-47316\" src=\"http:\/\/www.elsindical.com.ar\/notas\/var\/www\/html\/notas\/wp-content\/uploads\/2014\/11\/P1460920-241x300.jpg\" alt=\"P1460920\" width=\"241\" height=\"300\" srcset=\"https:\/\/www.elsindical.com.ar\/notas\/var\/www\/html\/notas\/wp-content\/uploads\/2014\/11\/P1460920-241x300.jpg 241w, https:\/\/www.elsindical.com.ar\/notas\/var\/www\/html\/notas\/wp-content\/uploads\/2014\/11\/P1460920.jpg 443w\" sizes=\"auto, (max-width: 241px) 100vw, 241px\" \/><\/a>El veterano concejal Jorge Degli Innocenti, elegido por el intendente Jorge Ferraresi para presidir el bloque de concejales del FpV y tener \u00abcontrolado\u00bb el HCD con los \u00abacuerdos\u00bb a los que est\u00e1 acostumbrado Degli, quien ha pasado de un jefe pol\u00edtico a otro sin que se le mueva un pelo a pesar de que suele gustar de usar la palabra lealtad.<\/p>\n<p>La conducta de Degli Innocenti en las \u00faltimas sesiones especialmente en las dos que se realizaron el 17 de noviembre, podr\u00edan traerle nuevos dolores de cabeza al intendente Jorge Ferraresi, y esto quedo en evidencia, cuando el concejal realiz\u00f3 una interpretaci\u00f3n personal de si los concejales deben cumplir la Ley o no, convenciendo a un dudoso presidente del concejo como lo es Hugo Barrueco que termin\u00f3 acatando las indicaciones de Jorge Degli Innocenti, quien les ha hecho creer al resto que es un estudioso de la Ley y las normas, cuando en realidad, basta escucharlo para darse cuenta que cuando lo llamamos \u00abpayador\u00bb no est\u00e1bamos equivocados.<\/p>\n<p>Esa idea err\u00f3nea de confundir legalidad con legitimidad, es com\u00fan en quienes desconocen la Ley, y se lo ha escuchado en reiteradas oportunidades justificar el incumplimiento de la Ley con excusas, algunas como que es el cuerpo el que puede modificar el reglamento o la ley, las leyes tienen un procedimiento en el que no intervienen los HCD, esto estimo lo sabe el veterano concejal, pero prefiere mentir para conseguir avanzar con sus motivaciones. Incluso las modificaciones del reglamente interno requieren de un procedimiento.<\/p>\n<p>Si en Avellaneda tuvi\u00e9ramos concejales comprometidos con su trabajo y el vecino, ya estar\u00edan recurriendo a la justicia para denunciar la violaci\u00f3n de la ley y pedir, por la \u00abteor\u00eda del fruto envenenado\u00bb la nulidad de la sesi\u00f3n y las sanciones que correspondan a los responsables, especialmente el presidente del concejo Hugo Dino Barrueco, el secretario S\u00edcari y el prosecretario Carlos Tirasso.<\/p>\n<p>No ha sabido y no ha podido manejar con diplomacia el traspaso del Hospital de Wilde, una tema que se le est\u00e1 tornando al oficialismo una mala prensa, especialmente por la reacci\u00f3n desmedida del concejal Degli Innocenti que no supo guardar las formas y cumplir su rol de representante de los vecinos, reaccionando con un argumento m\u00e1s caprichoso y tirano que fundado en cuestiones pol\u00edticas. Un buen pol\u00edtico no puede quedar frente a los que reclaman como un traidor, eso enerva a la gente y dificulta un acuerdo.<\/p>\n<p>Hace tiempo que el concejal debi\u00f3 haber tomado licencia si no puede controlar su reacci\u00f3n,\u00a0 a pesar que despu\u00e9s se r\u00eda o abrase con sus pares. Ni siquiera el aliado Villagra ayuda, ya que en su af\u00e1n de protagonismo y hacer uso de la palabra, suele apoyar lo dicho por Degli Innocenti, para terminar arruinando todo con su aporte.<\/p>\n<p>Con Jorge Degli Innocenti, Hugo Barrueco, Roberto S\u00edcari, Carlos Tirasso y H\u00e9ctor Villagra, Jorge Ferraresi no necesita oposici\u00f3n trabajando, su imagen a diferencia de lo que dice el veterano concejal se cae cada d\u00eda un poco m\u00e1s.<\/p>\n<p>&nbsp;<\/p>\n<p><em><strong>Por Marcelo Ricardo Hawrylciw<\/strong><\/em><\/p>\n","protected":false},"excerpt":{"rendered":"<p>El veterano concejal Jorge Degli Innocenti, elegido por el intendente Jorge Ferraresi para presidir el bloque de concejales del FpV y tener \u00abcontrolado\u00bb el HCD con los \u00abacuerdos\u00bb a los que est\u00e1 acostumbrado Degli, quien ha pasado de un jefe pol\u00edtico a otro sin que se le mueva un pelo a pesar de que suele&hellip;<\/p>\n","protected":false},"author":1,"featured_media":0,"comment_status":"open","ping_status":"open","sticky":false,"template":"","format":"standard","meta":{"footnotes":""},"categories":[1,10],"tags":[16587,14279,1833,15486,1062,87,4755,4380],"class_list":["post-47314","post","type-post","status-publish","format-standard","hentry","category-destacadas","category-editorial","tag-hcd","tag-hugo-dino-barrueco","tag-intendente","tag-jorge-degli-innocenti","tag-jorge-ferraresi","tag-ley","tag-reglamento","tag-vecino"],"_links":{"self":[{"href":"https:\/\/www.elsindical.com.ar\/notas\/wp-json\/wp\/v2\/posts\/47314","targetHints":{"allow":["GET"]}}],"collection":[{"href":"https:\/\/www.elsindical.com.ar\/notas\/wp-json\/wp\/v2\/posts"}],"about":[{"href":"https:\/\/www.elsindical.com.ar\/notas\/wp-json\/wp\/v2\/types\/post"}],"author":[{"embeddable":true,"href":"https:\/\/www.elsindical.com.ar\/notas\/wp-json\/wp\/v2\/users\/1"}],"replies":[{"embeddable":true,"href":"https:\/\/www.elsindical.com.ar\/notas\/wp-json\/wp\/v2\/comments?post=47314"}],"version-history":[{"count":2,"href":"https:\/\/www.elsindical.com.ar\/notas\/wp-json\/wp\/v2\/posts\/47314\/revisions"}],"predecessor-version":[{"id":47317,"href":"https:\/\/www.elsindical.com.ar\/notas\/wp-json\/wp\/v2\/posts\/47314\/revisions\/47317"}],"wp:attachment":[{"href":"https:\/\/www.elsindical.com.ar\/notas\/wp-json\/wp\/v2\/media?parent=47314"}],"wp:term":[{"taxonomy":"category","embeddable":true,"href":"https:\/\/www.elsindical.com.ar\/notas\/wp-json\/wp\/v2\/categories?post=47314"},{"taxonomy":"post_tag","embeddable":true,"href":"https:\/\/www.elsindical.com.ar\/notas\/wp-json\/wp\/v2\/tags?post=47314"}],"curies":[{"name":"wp","href":"https:\/\/api.w.org\/{rel}","templated":true}]}}