{"id":47291,"date":"2014-11-19T00:07:15","date_gmt":"2014-11-19T03:07:15","guid":{"rendered":"http:\/\/www.elsindical.com.ar\/notas\/?p=47291"},"modified":"2014-11-19T00:07:29","modified_gmt":"2014-11-19T03:07:29","slug":"sebastian-vinagre-bailando-por-un-puesto","status":"publish","type":"post","link":"https:\/\/www.elsindical.com.ar\/notas\/sebastian-vinagre-bailando-por-un-puesto\/","title":{"rendered":"Sebasti\u00e1n Vinagre bailando por un puesto"},"content":{"rendered":"<p><em><a href=\"http:\/\/www.elsindical.com.ar\/notas\/var\/www\/html\/notas\/wp-content\/uploads\/2014\/11\/1275600.jpg\"><img loading=\"lazy\" decoding=\"async\" class=\"alignnone size-medium wp-image-47295\" src=\"http:\/\/www.elsindical.com.ar\/notas\/var\/www\/html\/notas\/wp-content\/uploads\/2014\/11\/1275600-300x200.jpg\" alt=\"1275600\" width=\"300\" height=\"200\" srcset=\"https:\/\/www.elsindical.com.ar\/notas\/var\/www\/html\/notas\/wp-content\/uploads\/2014\/11\/1275600-300x200.jpg 300w, https:\/\/www.elsindical.com.ar\/notas\/var\/www\/html\/notas\/wp-content\/uploads\/2014\/11\/1275600-449x300.jpg 449w, https:\/\/www.elsindical.com.ar\/notas\/var\/www\/html\/notas\/wp-content\/uploads\/2014\/11\/1275600.jpg 620w\" sizes=\"auto, (max-width: 300px) 100vw, 300px\" \/><\/a>Las \u00faltimas acciones del Defensor del Pueblo de Avellaneda, Sebasti\u00e1n Vinagre podr\u00edamos calificarlas como de puro marketing, algo similar a los medi\u00e1ticos so\u00f1adores de programas de baja calidad cultural.<\/em><\/p>\n<p>Conocedor de que tiene que \u00abvenderse\u00bb como un pol\u00edtico con reconocimiento de la gente por su gesti\u00f3n, de la que solo tiene para mostrar en tantos a\u00f1os de pol\u00edtico un tirado de los pelos amparo contra el aumento del gas, sabiendo que probablemente no prospere y su ilusi\u00f3n termine siendo solo eso, el acto de un pol\u00edtico carente de gesti\u00f3n.<\/p>\n<p>Por estos d\u00edas, volvi\u00f3 a visitar el partido de Malvinas Argentinas, con motivo de un acto del Consejo Federal de Legisladores Comunales (COFELCO), en una jornada de capacitaci\u00f3n para Concejales donde participaron ediles de distintos distritos bonaerenses, y de diversas fuerzas.<\/p>\n<p>L<span class=\"text_exposed_show\">a convocatoria fue de car\u00e1cter provincial, y se llev\u00f3 a cabo en el palacio municipal de Malvinas Argentinas, donde convergieron ediles de toda la provincia de Buenos Aires pertenecientes a distintas fuerzas pol\u00edticas.<\/span><\/p>\n<p>Tambi\u00e9n hubo un espacio dedicado a la funci\u00f3n de las Defensor\u00edas del Pueblo que cont\u00f3 con la exposici\u00f3n del Dr. Sebasti\u00e1n Vinagre, concejal M.C. y Presidente de la Asociaci\u00f3n de Defensores del Pueblo de la Rep\u00fablica Argentina, qui\u00e9n destaco la importancia de estos organismos en la protecci\u00f3n de derechos ciudadanos.<\/p>\n<p>Este el relato de la cr\u00f3nica del evento, lo ir\u00f3nico, es que Vinagre destaque la importancia de las defensor\u00edas, cuando el mismo nos ha reconocido que por ejemplo en Avellaneda, no tiene autonom\u00eda propia, que no ejecuta el presupuesto de la defensor\u00eda y que ni siquiera puede decidir que empleados son designados a la defensor\u00eda, reconociendo como ya lo dijimos varias veces, tener una planta de personal ficticia o mejor llamados \u00ab\u00f1oquis\u00bb.<\/p>\n<p>Pero como esto no le alcanza, tambi\u00e9n fue r\u00e1pido a la invitaci\u00f3n de\u00a0Osvaldo Meijde al programa Estado Ciudadano \u00aba conversar sobre derechos.\u00bb Fue un placer (escribi\u00f3 en Facebook) haber compartido la ma\u00f1ana con Marta Fontenla y Adriana Garc\u00eda quienes llevan adelante la Campa\u00f1a Abolicionista \u00abNi una mujer m\u00e1s v\u00edctima de las redes de prostituci\u00f3n\u00bb.<\/p>\n<p>Vuelve el se\u00f1or Vinagre, a opinar alegremente de cualquier tema, Avellaneda, al igual que Lan\u00fas son municipios con un historial de redes de prostituci\u00f3n muy bien conocido por todos, \u00bfQu\u00e9 hizo la defensor\u00eda al respecto?, nosotros como medio period\u00edstico lo ignoramos, yo personalmente no tengo referencia de campa\u00f1a al respecto o proyecto del defensor cuando concejal. Por favor m\u00e1s trabajo y menos campa\u00f1a.<\/p>\n<p><a href=\"http:\/\/www.elsindical.com.ar\/notas\/var\/www\/html\/notas\/wp-content\/uploads\/2014\/11\/10392295.jpg\"><img loading=\"lazy\" decoding=\"async\" class=\"size-medium wp-image-47293 aligncenter\" src=\"http:\/\/www.elsindical.com.ar\/notas\/var\/www\/html\/notas\/wp-content\/uploads\/2014\/11\/10392295-300x225.jpg\" alt=\"10392295\" width=\"300\" height=\"225\" srcset=\"https:\/\/www.elsindical.com.ar\/notas\/var\/www\/html\/notas\/wp-content\/uploads\/2014\/11\/10392295-300x225.jpg 300w, https:\/\/www.elsindical.com.ar\/notas\/var\/www\/html\/notas\/wp-content\/uploads\/2014\/11\/10392295-399x300.jpg 399w, https:\/\/www.elsindical.com.ar\/notas\/var\/www\/html\/notas\/wp-content\/uploads\/2014\/11\/10392295.jpg 738w\" sizes=\"auto, (max-width: 300px) 100vw, 300px\" \/><\/a><\/p>\n<p><em><strong>\u00a0Por Marcelo Ricardo Hawrylciw<\/strong><\/em><\/p>\n","protected":false},"excerpt":{"rendered":"<p>Las \u00faltimas acciones del Defensor del Pueblo de Avellaneda, Sebasti\u00e1n Vinagre podr\u00edamos calificarlas como de puro marketing, algo similar a los medi\u00e1ticos so\u00f1adores de programas de baja calidad cultural. Conocedor de que tiene que \u00abvenderse\u00bb como un pol\u00edtico con reconocimiento de la gente por su gesti\u00f3n, de la que solo tiene para mostrar en tantos&hellip;<\/p>\n","protected":false},"author":1,"featured_media":0,"comment_status":"open","ping_status":"open","sticky":false,"template":"","format":"standard","meta":{"footnotes":""},"categories":[10],"tags":[154,20351,5824,3583,4336,459,986],"class_list":["post-47291","post","type-post","status-publish","format-standard","hentry","category-editorial","tag-buenos-aires","tag-cofelco","tag-defensoria-del-pueblo","tag-derechos","tag-malvinas-argentinas","tag-sebastian-vinagre","tag-vecinos"],"_links":{"self":[{"href":"https:\/\/www.elsindical.com.ar\/notas\/wp-json\/wp\/v2\/posts\/47291","targetHints":{"allow":["GET"]}}],"collection":[{"href":"https:\/\/www.elsindical.com.ar\/notas\/wp-json\/wp\/v2\/posts"}],"about":[{"href":"https:\/\/www.elsindical.com.ar\/notas\/wp-json\/wp\/v2\/types\/post"}],"author":[{"embeddable":true,"href":"https:\/\/www.elsindical.com.ar\/notas\/wp-json\/wp\/v2\/users\/1"}],"replies":[{"embeddable":true,"href":"https:\/\/www.elsindical.com.ar\/notas\/wp-json\/wp\/v2\/comments?post=47291"}],"version-history":[{"count":3,"href":"https:\/\/www.elsindical.com.ar\/notas\/wp-json\/wp\/v2\/posts\/47291\/revisions"}],"predecessor-version":[{"id":47296,"href":"https:\/\/www.elsindical.com.ar\/notas\/wp-json\/wp\/v2\/posts\/47291\/revisions\/47296"}],"wp:attachment":[{"href":"https:\/\/www.elsindical.com.ar\/notas\/wp-json\/wp\/v2\/media?parent=47291"}],"wp:term":[{"taxonomy":"category","embeddable":true,"href":"https:\/\/www.elsindical.com.ar\/notas\/wp-json\/wp\/v2\/categories?post=47291"},{"taxonomy":"post_tag","embeddable":true,"href":"https:\/\/www.elsindical.com.ar\/notas\/wp-json\/wp\/v2\/tags?post=47291"}],"curies":[{"name":"wp","href":"https:\/\/api.w.org\/{rel}","templated":true}]}}