{"id":47154,"date":"2014-11-12T01:44:19","date_gmt":"2014-11-12T04:44:19","guid":{"rendered":"http:\/\/www.elsindical.com.ar\/notas\/?p=47154"},"modified":"2014-11-12T01:44:19","modified_gmt":"2014-11-12T04:44:19","slug":"coronel-vidalel-sciolismo-clavo-un-cartel-naranja-rompio-un-cano-y-dejo-a-la-ciudad-sin-agua","status":"publish","type":"post","link":"https:\/\/www.elsindical.com.ar\/notas\/coronel-vidalel-sciolismo-clavo-un-cartel-naranja-rompio-un-cano-y-dejo-a-la-ciudad-sin-agua\/","title":{"rendered":"Coronel Vidal:El sciolismo clav\u00f3 un cartel naranja, rompi\u00f3 un ca\u00f1o y dejo a la ciudad sin agua"},"content":{"rendered":"<p><em><a href=\"http:\/\/www.elsindical.com.ar\/notas\/var\/www\/html\/notas\/wp-content\/uploads\/2014\/11\/cartel-Coronel-Vidal.jpg\"><img loading=\"lazy\" decoding=\"async\" class=\"alignnone size-medium wp-image-47156\" src=\"http:\/\/www.elsindical.com.ar\/notas\/var\/www\/html\/notas\/wp-content\/uploads\/2014\/11\/cartel-Coronel-Vidal-300x164.jpg\" alt=\"cartel-Coronel-Vidal\" width=\"300\" height=\"164\" srcset=\"https:\/\/www.elsindical.com.ar\/notas\/var\/www\/html\/notas\/wp-content\/uploads\/2014\/11\/cartel-Coronel-Vidal-300x164.jpg 300w, https:\/\/www.elsindical.com.ar\/notas\/var\/www\/html\/notas\/wp-content\/uploads\/2014\/11\/cartel-Coronel-Vidal-500x274.jpg 500w, https:\/\/www.elsindical.com.ar\/notas\/var\/www\/html\/notas\/wp-content\/uploads\/2014\/11\/cartel-Coronel-Vidal.jpg 620w\" sizes=\"auto, (max-width: 300px) 100vw, 300px\" \/><\/a>La localidad de Coronel Vidal vivi\u00f3 un fin de semana con serios inconvenientes de agua despu\u00e9s que un cartel con propaganda del gobernador Scioli da\u00f1\u00f3 un ca\u00f1o maestro de la ruta y empez\u00f3 a perder agua. Trabajadores de ABSA tuvieron que acudir al lugar a realizar trabajos de urgencia para restablecer el servicio.<\/em><\/p>\n<p>Durante el viernes y parte del s\u00e1bado \u00faltimo, la localidad cabecera del Partido de Mar Chiquita se qued\u00f3 sin suministro de agua. En un principio se habl\u00f3 de un desperfecto en la red madre. Lo cierto es que el desperfecto, fue causado por la colocaci\u00f3n de un cartel publicitario a la vera de la autov\u00eda 2. El cartel, pertenece a la campa\u00f1a publicitaria de la carrera presidencial del gobernador Daniel Scioli.<\/p>\n<p>Algunos vecinos mostraron su malestar, mientras que los empleados de ABSA intentaban subsanar la situaci\u00f3n. Esto ocurri\u00f3 el viernes y por varias horas no hubo suministro. El servicio volvi\u00f3 el mismo viernes, pero la jornada sabatina comenz\u00f3 sin una gota en las canillas.<\/p>\n<p>Seg\u00fan public\u00f3 el portal local La Gazeta, el cartel de Scioli qued\u00f3 tirado sobre la vera de la ruta mientras que el agua bramaba e inundaba la zona aleda\u00f1a. Al parecer, en la instalaci\u00f3n casera y de legalidad dudosa de la propaganda, un ca\u00f1o se vio seriamente da\u00f1ado, dejando sin agua a la localidad de Coronel Vidal.<\/p>\n","protected":false},"excerpt":{"rendered":"<p>La localidad de Coronel Vidal vivi\u00f3 un fin de semana con serios inconvenientes de agua despu\u00e9s que un cartel con propaganda del gobernador Scioli da\u00f1\u00f3 un ca\u00f1o maestro de la ruta y empez\u00f3 a perder agua. Trabajadores de ABSA tuvieron que acudir al lugar a realizar trabajos de urgencia para restablecer el servicio. Durante el&hellip;<\/p>\n","protected":false},"author":1,"featured_media":0,"comment_status":"open","ping_status":"open","sticky":false,"template":"","format":"standard","meta":{"footnotes":""},"categories":[6],"tags":[20032,5013,20315,983,20314],"class_list":["post-47154","post","type-post","status-publish","format-standard","hentry","category-denuncias","tag-absa","tag-cartel","tag-coronel-vidal","tag-daniel-scioli","tag-mar-chiquita"],"_links":{"self":[{"href":"https:\/\/www.elsindical.com.ar\/notas\/wp-json\/wp\/v2\/posts\/47154","targetHints":{"allow":["GET"]}}],"collection":[{"href":"https:\/\/www.elsindical.com.ar\/notas\/wp-json\/wp\/v2\/posts"}],"about":[{"href":"https:\/\/www.elsindical.com.ar\/notas\/wp-json\/wp\/v2\/types\/post"}],"author":[{"embeddable":true,"href":"https:\/\/www.elsindical.com.ar\/notas\/wp-json\/wp\/v2\/users\/1"}],"replies":[{"embeddable":true,"href":"https:\/\/www.elsindical.com.ar\/notas\/wp-json\/wp\/v2\/comments?post=47154"}],"version-history":[{"count":2,"href":"https:\/\/www.elsindical.com.ar\/notas\/wp-json\/wp\/v2\/posts\/47154\/revisions"}],"predecessor-version":[{"id":47157,"href":"https:\/\/www.elsindical.com.ar\/notas\/wp-json\/wp\/v2\/posts\/47154\/revisions\/47157"}],"wp:attachment":[{"href":"https:\/\/www.elsindical.com.ar\/notas\/wp-json\/wp\/v2\/media?parent=47154"}],"wp:term":[{"taxonomy":"category","embeddable":true,"href":"https:\/\/www.elsindical.com.ar\/notas\/wp-json\/wp\/v2\/categories?post=47154"},{"taxonomy":"post_tag","embeddable":true,"href":"https:\/\/www.elsindical.com.ar\/notas\/wp-json\/wp\/v2\/tags?post=47154"}],"curies":[{"name":"wp","href":"https:\/\/api.w.org\/{rel}","templated":true}]}}