{"id":4712,"date":"2010-03-19T14:56:27","date_gmt":"2010-03-19T17:56:27","guid":{"rendered":"http:\/\/www.elsindical.com.ar\/notas\/?p=4712"},"modified":"2010-03-19T14:56:27","modified_gmt":"2010-03-19T17:56:27","slug":"la-plata-detuvieron-al-hermano-de-adabel-guerrero-en-un-robo","status":"publish","type":"post","link":"https:\/\/www.elsindical.com.ar\/notas\/la-plata-detuvieron-al-hermano-de-adabel-guerrero-en-un-robo\/","title":{"rendered":"La Plata: Detuvieron al hermano de Adabel Guerrero en un robo"},"content":{"rendered":"<p style=\"text-align: justify;\"><em><a href=\"http:\/\/www.elsindical.com.ar\/notas\/var\/www\/html\/notas\/wp-content\/uploads\/2010\/03\/Adabel-Guerrero-pistola-de-.jpg\"><img loading=\"lazy\" decoding=\"async\" class=\"alignleft size-full wp-image-4713\" title=\"Adabel-Guerrero-pistola-de-\" src=\"http:\/\/www.elsindical.com.ar\/notas\/var\/www\/html\/notas\/wp-content\/uploads\/2010\/03\/Adabel-Guerrero-pistola-de-.jpg\" alt=\"\" width=\"227\" height=\"162\" \/><\/a>Fue sorprendido junto a un c\u00f3mplice cuando intentaba robar las pertenencias de un Fiat Spazio que estaba estacionado. Tiene 33 a\u00f1os y antecedentes delictivos por un hecho similar. Est\u00e1s en el calabozo de la comisar\u00eda N\u00b04 de La Plata.<\/em>\u00a0<br \/>\n\u00a0<br \/>\nEl hermano de la vedette Adabel Guerrero fue detenido en La Plata cuando intentaba robar un auto con la ayuda de un c\u00f3mplice. Se trata de Emiliano Guerrero Melachenco, de 33 a\u00f1os y con antecedentes delictivos, quien fue detenido esta madrugada en las calles 39, entre 29 y 30.<\/p>\n<p style=\"text-align: justify;\">Voceros policiales dijeron a Online-911.com que el hermano de la ex concursante de Bailando por un Sue\u00f1o estaba en el interior de un Fiat Spazio que no era suyo. De acuerdo a las fuentes, los ladrones tambi\u00e9n habr\u00edan robado las pertenencias de otro coche similar que estaba estacionado en la misma cuadra.<\/p>\n<p style=\"text-align: justify;\">Lo cierto es que Emiliano Guerrero y su c\u00f3mplice fueron demorados y trasladados a los calabozos de la comisar\u00eda 4\u00b0, donde permanecen alojados acusados por el delito de hurto automotor en \u00abgrado de tentativa\u00bb.<\/p>\n<p style=\"text-align: justify;\">En la seccional dijeron que fue el mismo Guerrero quien manifest\u00f3 ser el hermano de la vedette, aunque aclararon que hasta el momento ellos no pudieron corroborar su versi\u00f3n. Adem\u00e1s, apuntaron que tendr\u00eda antecedentes por una hecho similar.<\/p>\n","protected":false},"excerpt":{"rendered":"<p>Fue sorprendido junto a un c\u00f3mplice cuando intentaba robar las pertenencias de un Fiat Spazio que estaba estacionado. Tiene 33 a\u00f1os y antecedentes delictivos por un hecho similar. Est\u00e1s en el calabozo de la comisar\u00eda N\u00b04 de La Plata.\u00a0 \u00a0 El hermano de la vedette Adabel Guerrero fue detenido en La Plata cuando intentaba robar&hellip;<\/p>\n","protected":false},"author":1,"featured_media":0,"comment_status":"open","ping_status":"open","sticky":false,"template":"","format":"standard","meta":{"footnotes":""},"categories":[22],"tags":[2469,1550,91,2470,239,30,116],"class_list":["post-4712","post","type-post","status-publish","format-standard","hentry","category-policiales","tag-adabel-guerrero","tag-antecedentes","tag-detenido","tag-hermano","tag-la-plata","tag-policia","tag-robo"],"_links":{"self":[{"href":"https:\/\/www.elsindical.com.ar\/notas\/wp-json\/wp\/v2\/posts\/4712","targetHints":{"allow":["GET"]}}],"collection":[{"href":"https:\/\/www.elsindical.com.ar\/notas\/wp-json\/wp\/v2\/posts"}],"about":[{"href":"https:\/\/www.elsindical.com.ar\/notas\/wp-json\/wp\/v2\/types\/post"}],"author":[{"embeddable":true,"href":"https:\/\/www.elsindical.com.ar\/notas\/wp-json\/wp\/v2\/users\/1"}],"replies":[{"embeddable":true,"href":"https:\/\/www.elsindical.com.ar\/notas\/wp-json\/wp\/v2\/comments?post=4712"}],"version-history":[{"count":1,"href":"https:\/\/www.elsindical.com.ar\/notas\/wp-json\/wp\/v2\/posts\/4712\/revisions"}],"predecessor-version":[{"id":4714,"href":"https:\/\/www.elsindical.com.ar\/notas\/wp-json\/wp\/v2\/posts\/4712\/revisions\/4714"}],"wp:attachment":[{"href":"https:\/\/www.elsindical.com.ar\/notas\/wp-json\/wp\/v2\/media?parent=4712"}],"wp:term":[{"taxonomy":"category","embeddable":true,"href":"https:\/\/www.elsindical.com.ar\/notas\/wp-json\/wp\/v2\/categories?post=4712"},{"taxonomy":"post_tag","embeddable":true,"href":"https:\/\/www.elsindical.com.ar\/notas\/wp-json\/wp\/v2\/tags?post=4712"}],"curies":[{"name":"wp","href":"https:\/\/api.w.org\/{rel}","templated":true}]}}