{"id":47075,"date":"2014-11-09T10:45:14","date_gmt":"2014-11-09T13:45:14","guid":{"rendered":"http:\/\/www.elsindical.com.ar\/notas\/?p=47075"},"modified":"2014-11-09T10:45:14","modified_gmt":"2014-11-09T13:45:14","slug":"los-presos-tienen-sindicato-y-cobran-un-sueldo-mensual-de-hasta-4-400","status":"publish","type":"post","link":"https:\/\/www.elsindical.com.ar\/notas\/los-presos-tienen-sindicato-y-cobran-un-sueldo-mensual-de-hasta-4-400\/","title":{"rendered":"Los presos tienen sindicato y cobran un sueldo mensual de hasta $ 4.400"},"content":{"rendered":"<p><em><a href=\"http:\/\/www.elsindical.com.ar\/notas\/var\/www\/html\/notas\/wp-content\/uploads\/2014\/11\/SUTPLA.jpg\"><img loading=\"lazy\" decoding=\"async\" class=\"alignnone size-medium wp-image-47076\" src=\"http:\/\/www.elsindical.com.ar\/notas\/var\/www\/html\/notas\/wp-content\/uploads\/2014\/11\/SUTPLA-300x206.jpg\" alt=\"SUTPLA\" width=\"300\" height=\"206\" srcset=\"https:\/\/www.elsindical.com.ar\/notas\/var\/www\/html\/notas\/wp-content\/uploads\/2014\/11\/SUTPLA-300x206.jpg 300w, https:\/\/www.elsindical.com.ar\/notas\/var\/www\/html\/notas\/wp-content\/uploads\/2014\/11\/SUTPLA-436x300.jpg 436w, https:\/\/www.elsindical.com.ar\/notas\/var\/www\/html\/notas\/wp-content\/uploads\/2014\/11\/SUTPLA.jpg 620w\" sizes=\"auto, (max-width: 300px) 100vw, 300px\" \/><\/a>Siete de cada diez internos de las c\u00e1rceles federales perciben el salario m\u00ednimo. En septiembre el Estado gast\u00f3 $31 millones.<\/em><\/p>\n<p>El <a href=\"http:\/\/www.perfil.com\/sociedad\/Presos-forman-su-sindicato-y-piden-un-sueldo-de-950--20071014-0021.html\">sindicato de presos<\/a> desat\u00f3 una verdadera revoluci\u00f3n en las c\u00e1rceles federales. A partir de su conformaci\u00f3n, en julio de 2012, <strong>consigui\u00f3 que muchos de los internos cobren el equivalente a un salario m\u00ednimo, vital y m\u00f3vil<\/strong>. En la actualidad siete de cada diez detenidos alojados en la \u00f3rbita del Servicio Penitenciario Federal (SPF) perciben hasta 4.400 pesos mensuales.<\/p>\n<p>Seg\u00fan pudo saber PERFIL, s\u00f3lo por el mes de septiembre pasado <strong>el Estado pag\u00f3 31 millones de pesos en salarios de presos<\/strong>. Al cabo de un a\u00f1o se habr\u00e1n gastado cerca de 372 millones de pesos.<\/p>\n<p>Actualmente <a href=\"http:\/\/www.perfil.com\/elobservador\/En-la-Argentina-no-hay-politica-carcelaria-20140118-0057.html\">la poblaci\u00f3n carcelaria en las unidades federales<\/a> es de <strong>10.322 personas. Al menos 7.300 forman parte del programa laboral<\/strong>, aunque no todos desarrollan una actividad porque el n\u00famero supera el cupo de plazas disponibles. A eso debe agregarse los pedidos de licencia por enfermedad o la ausencia por comparendo, traslado y otra actividad vinculada a la causa judicial.<\/p>\n<p>El principal logro del <strong>Sindicado \u00danico de Trabajadores Privados de la Libertad Ambulatoria (Sutpla<\/strong>), que forma parte de la Central de Trabajadores de la Argentina (CTA) que conduce <a href=\"http:\/\/www.perfil.com\/tags\/Hugo%20Yasky\"><strong>Hugo Yasky<\/strong><\/a>, es que el Estado pague el equivalente a un salario m\u00ednimo, vital y m\u00f3vil <strong>cuando el interno cumple las 200 horas de trabajo (seis horas por d\u00eda)<\/strong>, algo que sucede en el 95% de los casos.<\/p>\n<p>Antes, el interno cobraba por hora y<strong> el dinero que obten\u00eda como peculio no solamente era infinitamente menor al que percibe en la actualidad, sino que reci\u00e9n pod\u00eda acceder al mismo cuando era excarcelado<\/strong>.<\/p>\n<p>\u201cLos que trabajan en contexto de encierro tienen los mismos derechos. Los dos pilares de la ley penal son el estudio y el trabajo.<strong> El trabajo es precario, en muchos casos casi esclavo.<\/strong> En otras unidades a\u00fan se les paga con tarjetas de tel\u00e9fono. El objetivo es remitir a todo lo que pasa en el medio de trabajo libre, pero es dif\u00edcil porque se necesita un cambio cultural. Con dos a\u00f1os se logr\u00f3 una mesa de di\u00e1logo entre el sindicato y el SPF, en la que se pueden tratar todos los temas\u201d, explica a PERFIL la abogada<strong> Mariana Ch\u00e1vez<\/strong>, representante legal de Sutpla.<\/p>\n<p>Seg\u00fan fuentes penitenciarias, en el a\u00f1o 2008 trabajaban cuatro mil internos, menos de la mitad de la poblaci\u00f3n total. En 2010 el n\u00famero lleg\u00f3 a 5.300. Pero fue a partir de 2012 cuando se dio el salto m\u00e1s grande. De acuerdo a los voceros, el salario que perciben los presos es para todos: condenados y procesados.<\/p>\n<p>La idea del sindicato es que <strong>los internos que trabajen sean bancarizados<\/strong>, algo que todav\u00eda no se consigui\u00f3. Por ahora les pagan con cheques que sus familiares pueden cobrar con un poder firmado por el detenido.<\/p>\n<p>Un dato llamativo es lo que sucede en <a href=\"http:\/\/www.perfil.com\/sociedad\/Incautan-cerca-de-400-celulares-por-mes-en-el-penal-de-Villa-Devoto--20131005-0049.html\"><strong>el penal de Villa Devoto<\/strong><\/a>, donde existe la mayor presencia sindical: los 1.600 detenidos cobran un salario. Fuentes del gremio indicaron que, previo a 2012, hab\u00eda 600 trabajadores en la c\u00e1rcel porte\u00f1a, sobre 1.600 detenidos. \u201cEste a\u00f1o tr<strong>abajan todos y cobran, en promedio, 3.400 pesos<\/strong>\u201d, destacaron. All\u00ed tambi\u00e9n hay ART, ropa de seguridad y otras medidas que consigui\u00f3 el sindicato.<\/p>\n<p>Otra pelea que tiene Sutpla es por la<strong> remuneraci\u00f3n a los internos que se encargan de asear el pabell\u00f3n, conocidos en la jerga como \u201climpieza\u201d<\/strong>.\u00a0\u201cEsas son obligaciones que tienen que ver con el r\u00e9gimen diario, son reglas de convivencia que no deber\u00edan ser consideradas como una tarea laboral\u201d, respondieron a PERFIL desde el SPF.<\/p>\n<p>El gremio se fund\u00f3 hace dos a\u00f1os en el penal de Villa Devoto, donde actualmente est\u00e1n alojados todos los integrantes de la comisi\u00f3n directiva, con excepci\u00f3n del secretario gremial <strong>C\u00e9sar Rodrigo D\u00edaz<\/strong>, quien purg\u00f3 una condena por robo y est\u00e1 libre.<\/p>\n<p>En la actualidad <strong>Sutpla tiene representantes en otras cuatro c\u00e1rceles federales<\/strong>: los Complejos Penitenciarios I y IV de Ezeiza, la Unidad N\u00ba 4 de Santa Rosa, en la provincia de La Pampa, y el Complejo II de Marcos Paz. Tambi\u00e9n cuentan con una seccional en el penal de Viedma, dependiente del Servicio Penitenciario de R\u00edo Negro.<\/p>\n<p>La influencia de \u201cLa C\u00e1mpora\u201d, que gan\u00f3 espacio por su actividad en el Centro Universitario de Devoto (CUD) y de la mano del ex director del SPF <a href=\"http:\/\/www.perfil.com\/policia\/Renuncio-el-director-del-Servicio-Penitenciario-por-la-fuga-en-Ezeiza-20130820-0022.html\"><strong>V\u00edctor Hortel, quien renunci\u00f3 en 2013 luego de la escandalosa fuga en la c\u00e1rcel de Ezeiza<\/strong><\/a>, fue clave en la conformaci\u00f3n del sindicato.<\/p>\n<p>\u201cPara nosotros el gremio parte desde un lugar err\u00f3neo: no puede haber un sindicato que represente a los detenidos por su condici\u00f3n de privado de la libertad; ellos deber\u00edan estar garantizados por la actividad que realizan\u201d, se\u00f1alaron desde el SPF.<\/p>\n<p>La nueva situaci\u00f3n plantea un escenario particular en el futuro: un detenido condenado a perpetua, por ejemplo, podr\u00eda jubilarse de preso.<\/p>\n<p><strong>Qui\u00e9nes son y qu\u00e9 delitos cometieron los jefes del gremio de detenidos<\/strong><\/p>\n<ul>\n<li>Secretario general: C\u00e9sar Rodrigo D\u00edaz. Condenado por robo calificado. Libre.<\/li>\n<li>Secretario adjunto: Roberto Manrique. Procesado por robo calificado y otros. Tiene salidas transitorias.<\/li>\n<li>Secretario de Administraci\u00f3n y finanzas:\u00a0 Maximiliano Zeballos. Perpetua por homicidio agravado por alevos\u00eda.<\/li>\n<li>Secretario de Asuntos Jur\u00eddicos: Alejandro Guti\u00e9rrez. Condenado a 24 a\u00f1os de prisi\u00f3n por robo agravado y tenencia de arma.<\/li>\n<li>Secretario de DD. HH. y Asuntos Penitenciarios. Gast\u00f3n Brossio. Condenado a 23 a\u00f1os por homicidio en ocasi\u00f3n de robo.<\/li>\n<li>Secretario de Salud y Seguridad: Eric Vilte. Procesado por homicidio en ocasi\u00f3n de robo.<\/li>\n<li>Secretario gremial: Cristian Reyes. Procesado por robo y resistencia a la autoridad.<\/li>\n<li>Secretario de actas: Leonardo Fern\u00e1ndez. Procesado por infraci\u00f3n a Ley 23.737 (drogas).<\/li>\n<li>Secretario de prensa: Vicente Rago. Purga una condena a siete a\u00f1os de prisi\u00f3n por robo agravado.<\/li>\n<li>Secretario de Acci\u00f3n Social:\u00a0 Gustavo Moreno. Procesado por robo en poblado y en banda, asociaci\u00f3n il\u00edcita, abuso de arma y privaci\u00f3n ileg\u00edtima de la libertad.<\/li>\n<li>Secretario de Organizaci\u00f3n: Carlos Gim\u00e9nez Guell. Condenado a 11 a\u00f1os de prisi\u00f3n como coautor del delito de robo agravado.<\/li>\n<li>Secretario de deportes: Cristian Lico. Procesado. Delito: robo, resistencia a la autoridad y abuso de arma.<\/li>\n<li>Secretario de extranjer\u00eda: Jaime Garc\u00eda Rivero. Procesado por infracci\u00f3n a la Ley 23.737 (drogas).<\/li>\n<\/ul>\n<p>&nbsp;<\/p>\n<p><strong>Fuente: PERFIL<\/strong><\/p>\n","protected":false},"excerpt":{"rendered":"<p>Siete de cada diez internos de las c\u00e1rceles federales perciben el salario m\u00ednimo. En septiembre el Estado gast\u00f3 $31 millones. El sindicato de presos desat\u00f3 una verdadera revoluci\u00f3n en las c\u00e1rceles federales. A partir de su conformaci\u00f3n, en julio de 2012, consigui\u00f3 que muchos de los internos cobren el equivalente a un salario m\u00ednimo, vital&hellip;<\/p>\n","protected":false},"author":1,"featured_media":0,"comment_status":"open","ping_status":"open","sticky":false,"template":"","format":"standard","meta":{"footnotes":""},"categories":[16],"tags":[849,20291,1226,20290],"class_list":["post-47075","post","type-post","status-publish","format-standard","hentry","category-gremiales","tag-estado","tag-mariana-chavez","tag-presos","tag-sutpla"],"_links":{"self":[{"href":"https:\/\/www.elsindical.com.ar\/notas\/wp-json\/wp\/v2\/posts\/47075","targetHints":{"allow":["GET"]}}],"collection":[{"href":"https:\/\/www.elsindical.com.ar\/notas\/wp-json\/wp\/v2\/posts"}],"about":[{"href":"https:\/\/www.elsindical.com.ar\/notas\/wp-json\/wp\/v2\/types\/post"}],"author":[{"embeddable":true,"href":"https:\/\/www.elsindical.com.ar\/notas\/wp-json\/wp\/v2\/users\/1"}],"replies":[{"embeddable":true,"href":"https:\/\/www.elsindical.com.ar\/notas\/wp-json\/wp\/v2\/comments?post=47075"}],"version-history":[{"count":1,"href":"https:\/\/www.elsindical.com.ar\/notas\/wp-json\/wp\/v2\/posts\/47075\/revisions"}],"predecessor-version":[{"id":47077,"href":"https:\/\/www.elsindical.com.ar\/notas\/wp-json\/wp\/v2\/posts\/47075\/revisions\/47077"}],"wp:attachment":[{"href":"https:\/\/www.elsindical.com.ar\/notas\/wp-json\/wp\/v2\/media?parent=47075"}],"wp:term":[{"taxonomy":"category","embeddable":true,"href":"https:\/\/www.elsindical.com.ar\/notas\/wp-json\/wp\/v2\/categories?post=47075"},{"taxonomy":"post_tag","embeddable":true,"href":"https:\/\/www.elsindical.com.ar\/notas\/wp-json\/wp\/v2\/tags?post=47075"}],"curies":[{"name":"wp","href":"https:\/\/api.w.org\/{rel}","templated":true}]}}