{"id":47073,"date":"2014-11-09T00:28:43","date_gmt":"2014-11-09T03:28:43","guid":{"rendered":"http:\/\/www.elsindical.com.ar\/notas\/?p=47073"},"modified":"2014-11-09T00:28:43","modified_gmt":"2014-11-09T03:28:43","slug":"petroleros-piden-una-suma-no-remunerativa-de-50-000-pesos","status":"publish","type":"post","link":"https:\/\/www.elsindical.com.ar\/notas\/petroleros-piden-una-suma-no-remunerativa-de-50-000-pesos\/","title":{"rendered":"Petroleros piden una suma no remunerativa de 50.000 pesos"},"content":{"rendered":"<p><em><a href=\"http:\/\/www.elsindical.com.ar\/notas\/var\/www\/html\/notas\/wp-content\/uploads\/2013\/01\/Guillermo-Pereyra-secretario-general.jpg\"><img loading=\"lazy\" decoding=\"async\" class=\"alignnone size-medium wp-image-31573\" src=\"http:\/\/www.elsindical.com.ar\/notas\/var\/www\/html\/notas\/wp-content\/uploads\/2013\/01\/Guillermo-Pereyra-secretario-general-300x225.jpg\" alt=\"Guillermo-Pereyra-secretario-general\" width=\"300\" height=\"225\" srcset=\"https:\/\/www.elsindical.com.ar\/notas\/var\/www\/html\/notas\/wp-content\/uploads\/2013\/01\/Guillermo-Pereyra-secretario-general-300x225.jpg 300w, https:\/\/www.elsindical.com.ar\/notas\/var\/www\/html\/notas\/wp-content\/uploads\/2013\/01\/Guillermo-Pereyra-secretario-general-399x300.jpg 399w, https:\/\/www.elsindical.com.ar\/notas\/var\/www\/html\/notas\/wp-content\/uploads\/2013\/01\/Guillermo-Pereyra-secretario-general.jpg 413w\" sizes=\"auto, (max-width: 300px) 100vw, 300px\" \/><\/a>Buscan avanzar en un \u201cacuerdo puente\u201d que contemple enero, febrero y marzo de 2015, y que el resultado \u201csea adelantado para diciembre\u00bb. El lunes contestan las empresas.<\/em><\/p>\n<p>El secretario general del Sindicato de Petr\u00f3leo y Gas Privado de R\u00edo Negro, Neuqu\u00e9n y La Pampa, <strong>Guillermo Pereyra<\/strong>, ratific\u00f3 el pedido del sector de una suma no remunerativa de <strong>50.000 pesos a pagarse en tres cuotas<\/strong>, con el objetivo de obtener una compensaci\u00f3n equivalente a los descuentos de seis o siete meses del impuesto a las Ganancias.<\/p>\n<p>\u00abAnte la imposibilidad de modificar el m\u00ednimo no imponible (de Ganancias) les <strong>hemos pedido un acuerdo puente<\/strong> que contemple los meses de enero, febrero y marzo, y que el resultado de este acuerdo sea adelantado para el mes de diciembre\u00bb, expres\u00f3 <strong>Pereyra<\/strong>, luego de reunirse con el Jefe de Gabinete, <strong>Jorge Capitanich<\/strong>, y el ministro de Trabajo,<strong> Carlos Tomada<\/strong>.<\/p>\n<p>La suma, que rondar\u00eda los 16.000 pesos mensuales, <strong>beneficiar\u00eda a los 23.000 trabajadores<\/strong> que nuclea el sector representado por el gremialista Pereyra, sumado a los empleados jer\u00e1rquicos de los sindicatos liderados por <strong>Juli\u00e1n Matamala<\/strong> y <strong>Luis Villegas<\/strong>. Adem\u00e1s el titular de Petroleros adelant\u00f3 que buscar\u00e1n que los obreros de refiner\u00eda \u201ctambi\u00e9n sean involucrados\u201d en el acuerdo.<\/p>\n<p>\u00abLes hemos pedido que sea no remunerativo, que llegue directamente al bolsillo del trabajador<strong> sin ning\u00fan tipo de descuento <\/strong>y quedamos con que el pr\u00f3ximo lunes a las 15 horas vamos a estar reunidos nuevamente donde las empresas van a contestar\u00bb, a\u00f1adi\u00f3 el dirigente en declaraciones con La Red Neuqu\u00e9n.<\/p>\n<p>Tras el avance en las negociaciones, los gremios petroleros levantaron las medidas de fuerza programadas para el jueves 6 de noviembre y quedan a la expectativa de las respuestas y contrapropuestas del sector empresario.<\/p>\n","protected":false},"excerpt":{"rendered":"<p>Buscan avanzar en un \u201cacuerdo puente\u201d que contemple enero, febrero y marzo de 2015, y que el resultado \u201csea adelantado para diciembre\u00bb. El lunes contestan las empresas. El secretario general del Sindicato de Petr\u00f3leo y Gas Privado de R\u00edo Negro, Neuqu\u00e9n y La Pampa, Guillermo Pereyra, ratific\u00f3 el pedido del sector de una suma no&hellip;<\/p>\n","protected":false},"author":1,"featured_media":0,"comment_status":"open","ping_status":"open","sticky":false,"template":"","format":"standard","meta":{"footnotes":""},"categories":[16],"tags":[434,1423,14643,5809,20289,927],"class_list":["post-47073","post","type-post","status-publish","format-standard","hentry","category-gremiales","tag-carlos-tomada","tag-descuentos","tag-guillermo-pereyra","tag-petroleros","tag-sector","tag-suma"],"_links":{"self":[{"href":"https:\/\/www.elsindical.com.ar\/notas\/wp-json\/wp\/v2\/posts\/47073","targetHints":{"allow":["GET"]}}],"collection":[{"href":"https:\/\/www.elsindical.com.ar\/notas\/wp-json\/wp\/v2\/posts"}],"about":[{"href":"https:\/\/www.elsindical.com.ar\/notas\/wp-json\/wp\/v2\/types\/post"}],"author":[{"embeddable":true,"href":"https:\/\/www.elsindical.com.ar\/notas\/wp-json\/wp\/v2\/users\/1"}],"replies":[{"embeddable":true,"href":"https:\/\/www.elsindical.com.ar\/notas\/wp-json\/wp\/v2\/comments?post=47073"}],"version-history":[{"count":1,"href":"https:\/\/www.elsindical.com.ar\/notas\/wp-json\/wp\/v2\/posts\/47073\/revisions"}],"predecessor-version":[{"id":47074,"href":"https:\/\/www.elsindical.com.ar\/notas\/wp-json\/wp\/v2\/posts\/47073\/revisions\/47074"}],"wp:attachment":[{"href":"https:\/\/www.elsindical.com.ar\/notas\/wp-json\/wp\/v2\/media?parent=47073"}],"wp:term":[{"taxonomy":"category","embeddable":true,"href":"https:\/\/www.elsindical.com.ar\/notas\/wp-json\/wp\/v2\/categories?post=47073"},{"taxonomy":"post_tag","embeddable":true,"href":"https:\/\/www.elsindical.com.ar\/notas\/wp-json\/wp\/v2\/tags?post=47073"}],"curies":[{"name":"wp","href":"https:\/\/api.w.org\/{rel}","templated":true}]}}