{"id":47025,"date":"2014-11-06T11:44:34","date_gmt":"2014-11-06T14:44:34","guid":{"rendered":"http:\/\/www.elsindical.com.ar\/notas\/?p=47025"},"modified":"2014-11-06T11:44:34","modified_gmt":"2014-11-06T14:44:34","slug":"hoy-sin-bancos-y-con-paro-bancario-por-48-hs-la-proxima-semana","status":"publish","type":"post","link":"https:\/\/www.elsindical.com.ar\/notas\/hoy-sin-bancos-y-con-paro-bancario-por-48-hs-la-proxima-semana\/","title":{"rendered":"Hoy sin bancos y con paro bancario por 48 hs la pr\u00f3xima semana"},"content":{"rendered":"<p><em><a href=\"http:\/\/www.elsindical.com.ar\/notas\/var\/www\/html\/notas\/wp-content\/uploads\/2010\/03\/La-Bancaria1.jpg\"><img loading=\"lazy\" decoding=\"async\" class=\"alignnone size-medium wp-image-5143\" src=\"http:\/\/www.elsindical.com.ar\/notas\/var\/www\/html\/notas\/wp-content\/uploads\/2010\/03\/La-Bancaria1-300x70.jpg\" alt=\"La-Bancaria\" width=\"300\" height=\"70\" srcset=\"https:\/\/www.elsindical.com.ar\/notas\/var\/www\/html\/notas\/wp-content\/uploads\/2010\/03\/La-Bancaria1-300x70.jpg 300w, https:\/\/www.elsindical.com.ar\/notas\/var\/www\/html\/notas\/wp-content\/uploads\/2010\/03\/La-Bancaria1.jpg 325w\" sizes=\"auto, (max-width: 300px) 100vw, 300px\" \/><\/a>Desde la Asociaci\u00f3n Bancaria recordaron que el gremio fue creado hace 90 a\u00f1os y en la d\u00e9cada del \u00b460 se adopt\u00f3 como D\u00eda del Bancario al 6 de noviembre, por lo que es una jornada de descanso.<\/em><\/p>\n<p>Los bancos p\u00fablicos y privados no abrir\u00e1n sus puertas al p\u00fablico, este jueves, debido al feriado sectorial por las celebraciones del D\u00eda del Trabajador Bancario, mientras barajan un paro nacional para la semana pr\u00f3xima.<\/p>\n<p>El secretario de Prensa de la Asociaci\u00f3n Bancaria, Eduardo Berrozpe, record\u00f3 que el gremio fue creado hace 90 a\u00f1os y en la d\u00e9cada del \u00b460 se adopt\u00f3 como D\u00eda del Bancario al 6 de noviembre, por lo que es una jornada de descanso.<\/p>\n<p>Por otra parte, el vocero de los bancarios dijo que hasta ahora el gremio no recibi\u00f3 una respuesta del Gobierno a su reclamo para elevar el m\u00ednimo no imponible del impuesto a las Ganancias, porque \u00abdegrada\u00bb los salarios.<\/p>\n<p>Tampoco los bancos respondieron al planteo gremial de una suma extraordinaria no remunerativa para fin de a\u00f1o que compense la p\u00e9rdida de poder adquisitivo del salario debido al avance de la inflaci\u00f3n.<\/p>\n<p>\u00abHasta ahora no tenemos una soluci\u00f3n concreta y creemos que una medida de fuerza para el 12 y 13 de noviembre es el \u00fanico camino que tenemos para defender nuestros derechos y nuestros salarios\u00bb, dijo Berrozpe en declaraciones a radio El Mundo.<\/p>\n<p>El gremialista se quej\u00f3 por \u00abla rebaja salarial impl\u00edcita\u00bb que significa el tributo que deben afrontar todos los trabajadores asalariados que perciban m\u00e1s de 15.000 pesos mensuales, est\u00e9n o no casados.<\/p>\n<p>\u00abMientras se opere la reforma tributaria correspondiente los bancos se tienen que hacer cargo de compensar el impuesto a las ganancias\u00bb, dijo el sindicalista sobre el reclamo dirigido a las entidades financieras.<\/p>\n<p>Tambi\u00e9n consider\u00f3 Berrozpe que \u00abhay actitudes especulativas que atentan contra la econom\u00eda nacional hace mucho tiempo y por eso creemos que hace falta una reforma financiera, debe establecerse una nueva ley de entidades\u00bb.<\/p>\n<p>Indic\u00f3 que el sistema financiero es \u00abmuy peque\u00f1o y se dedica a especular. Sabemos que hay actitudes especulativas. Esto deber\u00eda haber sido enfocado en la salida de la crisis del 2001. No puede ser que nuestro pa\u00eds tenga una econom\u00eda bimonetaria y existan transacciones en moneda extranjera\u00bb.<\/p>\n<p>\u00abEs un problema grav\u00edsimo el que tenemos producto de no haber garantizado la que sea nuestra moneda la que rige las transacciones en nuestro pa\u00eds\u00bb, sostuvo el gremialista al cuestionar a los bancos.<\/p>\n","protected":false},"excerpt":{"rendered":"<p>Desde la Asociaci\u00f3n Bancaria recordaron que el gremio fue creado hace 90 a\u00f1os y en la d\u00e9cada del \u00b460 se adopt\u00f3 como D\u00eda del Bancario al 6 de noviembre, por lo que es una jornada de descanso. Los bancos p\u00fablicos y privados no abrir\u00e1n sus puertas al p\u00fablico, este jueves, debido al feriado sectorial por&hellip;<\/p>\n","protected":false},"author":1,"featured_media":0,"comment_status":"open","ping_status":"open","sticky":false,"template":"","format":"standard","meta":{"footnotes":""},"categories":[16],"tags":[462,1562,67],"class_list":["post-47025","post","type-post","status-publish","format-standard","hentry","category-gremiales","tag-asociacion-bancaria","tag-bancos","tag-paro"],"_links":{"self":[{"href":"https:\/\/www.elsindical.com.ar\/notas\/wp-json\/wp\/v2\/posts\/47025","targetHints":{"allow":["GET"]}}],"collection":[{"href":"https:\/\/www.elsindical.com.ar\/notas\/wp-json\/wp\/v2\/posts"}],"about":[{"href":"https:\/\/www.elsindical.com.ar\/notas\/wp-json\/wp\/v2\/types\/post"}],"author":[{"embeddable":true,"href":"https:\/\/www.elsindical.com.ar\/notas\/wp-json\/wp\/v2\/users\/1"}],"replies":[{"embeddable":true,"href":"https:\/\/www.elsindical.com.ar\/notas\/wp-json\/wp\/v2\/comments?post=47025"}],"version-history":[{"count":1,"href":"https:\/\/www.elsindical.com.ar\/notas\/wp-json\/wp\/v2\/posts\/47025\/revisions"}],"predecessor-version":[{"id":47026,"href":"https:\/\/www.elsindical.com.ar\/notas\/wp-json\/wp\/v2\/posts\/47025\/revisions\/47026"}],"wp:attachment":[{"href":"https:\/\/www.elsindical.com.ar\/notas\/wp-json\/wp\/v2\/media?parent=47025"}],"wp:term":[{"taxonomy":"category","embeddable":true,"href":"https:\/\/www.elsindical.com.ar\/notas\/wp-json\/wp\/v2\/categories?post=47025"},{"taxonomy":"post_tag","embeddable":true,"href":"https:\/\/www.elsindical.com.ar\/notas\/wp-json\/wp\/v2\/tags?post=47025"}],"curies":[{"name":"wp","href":"https:\/\/api.w.org\/{rel}","templated":true}]}}