{"id":47001,"date":"2014-11-05T06:20:27","date_gmt":"2014-11-05T09:20:27","guid":{"rendered":"http:\/\/www.elsindical.com.ar\/notas\/?p=47001"},"modified":"2014-11-05T06:20:27","modified_gmt":"2014-11-05T09:20:27","slug":"rodrigo-galetovich-de-que-se-rie","status":"publish","type":"post","link":"https:\/\/www.elsindical.com.ar\/notas\/rodrigo-galetovich-de-que-se-rie\/","title":{"rendered":"Rodrigo Galetovich \u00bfde qu\u00e9 se r\u00ede?"},"content":{"rendered":"<p><a href=\"http:\/\/www.elsindical.com.ar\/notas\/var\/www\/html\/notas\/wp-content\/uploads\/2014\/11\/P1460377.jpg\"><img loading=\"lazy\" decoding=\"async\" class=\"alignnone size-medium wp-image-47003\" src=\"http:\/\/www.elsindical.com.ar\/notas\/var\/www\/html\/notas\/wp-content\/uploads\/2014\/11\/P1460377-300x225.jpg\" alt=\"P1460377\" width=\"300\" height=\"225\" srcset=\"https:\/\/www.elsindical.com.ar\/notas\/var\/www\/html\/notas\/wp-content\/uploads\/2014\/11\/P1460377-300x225.jpg 300w, https:\/\/www.elsindical.com.ar\/notas\/var\/www\/html\/notas\/wp-content\/uploads\/2014\/11\/P1460377-400x300.jpg 400w, https:\/\/www.elsindical.com.ar\/notas\/var\/www\/html\/notas\/wp-content\/uploads\/2014\/11\/P1460377.jpg 620w\" sizes=\"auto, (max-width: 300px) 100vw, 300px\" \/><\/a> El martes 4 de noviembre mientras se desarrollaba la marcha de los vecinos de Avellaneda, solicitando m\u00e1s seguridad a los polic\u00edas, pero tambi\u00e9n a los pol\u00edticos locales, entre los que se encuentran Rodrigo Galetovich, presidente del bloque de la UCR en el HCD de Avellaneda, siendo las 20:21 hs. el concejal, llegaba con su auto Ford patente NFF 886\u00a0por la calle 9 de julio a la Av. Belgrano acompa\u00f1ado por una se\u00f1orita, cuando fue visto por uno de los vecinos.<\/p>\n<p>Ante la novedad de encontrarse con un concejal, supuesto representante de los intereses de los vecinos, le pidieron que se baje del auto y acompa\u00f1e a los vecinos, la respuesta del concejal fue re\u00edrse y acelerar para perderse en la noche.<\/p>\n<p>La pregunta que nos hacemos desde El Sindical, es \u00bfde qu\u00e9 se r\u00ede el concejal? es un tema muy delicado y doloroso el que convoca a los vecinos a manifestarse y marchar, no es motivo de risa, o estaba muy contento paseando acompa\u00f1ado.<\/p>\n<p>Una verg\u00fcenza m\u00e1s de los pol\u00edticos locales que solo miran en beneficio propio.<\/p>\n<p><a href=\"http:\/\/www.elsindical.com.ar\/notas\/var\/www\/html\/notas\/wp-content\/uploads\/2014\/11\/P1460378.jpg\"><img loading=\"lazy\" decoding=\"async\" class=\"alignnone size-medium wp-image-47002\" src=\"http:\/\/www.elsindical.com.ar\/notas\/var\/www\/html\/notas\/wp-content\/uploads\/2014\/11\/P1460378-300x204.jpg\" alt=\"P1460378\" width=\"300\" height=\"204\" srcset=\"https:\/\/www.elsindical.com.ar\/notas\/var\/www\/html\/notas\/wp-content\/uploads\/2014\/11\/P1460378-300x204.jpg 300w, https:\/\/www.elsindical.com.ar\/notas\/var\/www\/html\/notas\/wp-content\/uploads\/2014\/11\/P1460378-440x300.jpg 440w, https:\/\/www.elsindical.com.ar\/notas\/var\/www\/html\/notas\/wp-content\/uploads\/2014\/11\/P1460378.jpg 620w\" sizes=\"auto, (max-width: 300px) 100vw, 300px\" \/><\/a><\/p>\n<p>&nbsp;<\/p>\n<p><em><strong>Por Marcelo Ricardo Hawrylciw<\/strong><\/em><\/p>\n","protected":false},"excerpt":{"rendered":"<p>El martes 4 de noviembre mientras se desarrollaba la marcha de los vecinos de Avellaneda, solicitando m\u00e1s seguridad a los polic\u00edas, pero tambi\u00e9n a los pol\u00edticos locales, entre los que se encuentran Rodrigo Galetovich, presidente del bloque de la UCR en el HCD de Avellaneda, siendo las 20:21 hs. el concejal, llegaba con su auto&hellip;<\/p>\n","protected":false},"author":1,"featured_media":0,"comment_status":"open","ping_status":"open","sticky":false,"template":"","format":"standard","meta":{"footnotes":""},"categories":[10],"tags":[20262,20261,984,156,17609,986],"class_list":["post-47001","post","type-post","status-publish","format-standard","hentry","category-editorial","tag-concejal-avellaneda","tag-ford","tag-inseguridad","tag-marcha","tag-rodrigo-galetovich","tag-vecinos"],"_links":{"self":[{"href":"https:\/\/www.elsindical.com.ar\/notas\/wp-json\/wp\/v2\/posts\/47001","targetHints":{"allow":["GET"]}}],"collection":[{"href":"https:\/\/www.elsindical.com.ar\/notas\/wp-json\/wp\/v2\/posts"}],"about":[{"href":"https:\/\/www.elsindical.com.ar\/notas\/wp-json\/wp\/v2\/types\/post"}],"author":[{"embeddable":true,"href":"https:\/\/www.elsindical.com.ar\/notas\/wp-json\/wp\/v2\/users\/1"}],"replies":[{"embeddable":true,"href":"https:\/\/www.elsindical.com.ar\/notas\/wp-json\/wp\/v2\/comments?post=47001"}],"version-history":[{"count":1,"href":"https:\/\/www.elsindical.com.ar\/notas\/wp-json\/wp\/v2\/posts\/47001\/revisions"}],"predecessor-version":[{"id":47004,"href":"https:\/\/www.elsindical.com.ar\/notas\/wp-json\/wp\/v2\/posts\/47001\/revisions\/47004"}],"wp:attachment":[{"href":"https:\/\/www.elsindical.com.ar\/notas\/wp-json\/wp\/v2\/media?parent=47001"}],"wp:term":[{"taxonomy":"category","embeddable":true,"href":"https:\/\/www.elsindical.com.ar\/notas\/wp-json\/wp\/v2\/categories?post=47001"},{"taxonomy":"post_tag","embeddable":true,"href":"https:\/\/www.elsindical.com.ar\/notas\/wp-json\/wp\/v2\/tags?post=47001"}],"curies":[{"name":"wp","href":"https:\/\/api.w.org\/{rel}","templated":true}]}}