{"id":46826,"date":"2014-11-01T00:00:04","date_gmt":"2014-11-01T03:00:04","guid":{"rendered":"http:\/\/www.elsindical.com.ar\/notas\/?p=46826"},"modified":"2014-11-01T00:40:14","modified_gmt":"2014-11-01T03:40:14","slug":"efemeridesdel-dia-1-de-noviembre-5","status":"publish","type":"post","link":"https:\/\/www.elsindical.com.ar\/notas\/efemeridesdel-dia-1-de-noviembre-5\/","title":{"rendered":"EFEM\u00c9RIDES:DEL D\u00cdA 1 DE NOVIEMBRE"},"content":{"rendered":"<p>En un 1 de noviembre, pero de 1775, un terremoto provoca la muerte de m\u00e1s de 30.000 personas y destruye la mayor parte de la ciudad de Lisboa.<\/p>\n<p>1878.- Fundaci\u00f3n en Montevideo de \u00abEl Bien P\u00fablico\u00bb, el peri\u00f3dico m\u00e1s antiguo de Uruguay.<\/p>\n<p>1880.- Promulgaci\u00f3n de una nueva Constituci\u00f3n en Honduras, que moderniza la estructura pol\u00edtica del pa\u00eds.<\/p>\n<p>1915.- Muere Roberto Arg\u00fcelles Bringas, poeta mexicano.<\/p>\n<p>1922.- Golpe de Estado en Turqu\u00eda dirigido por Kemal Ataturk. Termina el imperio otomano y el sult\u00e1n Mehmed VI es condenado al exilio.<\/p>\n<p>1926.- Benito Mussolini sale ileso de un atentado en Roma.<\/p>\n<p>1928.- El general Gerardo Machado es reelegido presidente de Cuba.<\/p>\n<p>1934.- Nace Humberto Agnelli, magnate italiano.<\/p>\n<p>1942.- Segunda Guerra Mundial. Se libran dur\u00edsimos combates en Stalingrado, donde la resistencia rusa impedir\u00e1 la conquista alemana de la ciudad.<\/p>\n<p>1943.- Dar\u00edo Echand\u00eda sustituye a Alfonso L\u00f3pez Pumarejo como presidente de la Rep\u00fablica de Colombia.<\/p>\n<p>&#8211; Las tropas sovi\u00e9ticas desembarcan en Crimea y ocupan la ciudad de Perekop.<\/p>\n<p>&#8211; Nace Salvatore Adamo, cantante italiano.<\/p>\n<p>1950.- El papa P\u00edo XII proclama el dogma de la Asunci\u00f3n de la Virgen Mar\u00eda.<\/p>\n<p>1952.- Carlos Ib\u00e1\u00f1ez del Campo es elegido presidente de Chile.<\/p>\n<p>1962.- La URSS lanza la primera nave espacial con destino a Marte.<\/p>\n<p>1963.- Golpe militar en Vietnam del Sur y asesinato del presidente Ngo Din-Diem.<\/p>\n<p>1964.- Golpe de estado militar en Bolivia, encabezado por Ren\u00e9 Barrientos, que destituye al reelegido V\u00edctor Paz Estensoro.<\/p>\n<p>1968.- El presidente estadounidense, Lyndon B. Johnson, ordena suspender los bombardeos a\u00e9reos sobre Vietnam del Norte.<\/p>\n<p>1971.- Fallece Gertrud von le Fort, escritora alemana.<\/p>\n<p>1972.- Muere Ezra Pound, poeta y cr\u00edtico estadounidense.<\/p>\n<p>1979.- Un golpe militar en Bolivia, encabezado por el coronel Alberto Natuah, depone al presidente Walter Guevara Arce.<\/p>\n<p>1982.- Fallece King Vidor, director estadounidense de cine.<\/p>\n<p>1991.- El presidente argentino, Carlos Menen, decreta una hist\u00f3rica liberalizaci\u00f3n de la econom\u00eda, que motiva una ruptura de di\u00e1logo con la oposici\u00f3n.<\/p>\n<p>1993.- Entra en vigor el Tratado de Maastricht para la Uni\u00f3n Europea.<\/p>\n<p>&#8211; Muere Severo Ochoa, bioqu\u00edmico espa\u00f1ol nacionalizado estadounidense, Premio Nobel en 1959.<\/p>\n<p>1995.- El Congreso Nacional Africano del presidente Nelson Mandela gana las primeras elecciones municipales multirraciales de Sud\u00e1frica, dieciocho meses despu\u00e9s de acabar la pol\u00edtica del \u00abapartheid\u00bb.<\/p>\n<p>1996.- Es constituida la cadena \u00e1rabe de televisi\u00f3n por sat\u00e9lite Al Yazira.<\/p>\n<p>2001.- Fallece Juan Bosch, expresidente dominicano.<\/p>\n<p>2004.- Reino Unido autoriza a un hospital londinense aplicar la t\u00e9cnica de selecci\u00f3n gen\u00e9tica de embriones para evitar un c\u00e1ncer de colon hereditario.<\/p>\n<p>2005.- El presidente de Bolivia, Eduardo Rodr\u00edguez, convoca por decreto elecciones generales.<\/p>\n<p>2006.- Los principales sindicatos del mundo fundan la Confederaci\u00f3n Sindical Internacional (CSI).<\/p>\n<p>&#8211; Muere William Styron, escritor estadounidense.<\/p>\n<p>2007.- Fallece Paul Tibbets, piloto estadounidense del avi\u00f3n que lanz\u00f3 la primera bomba at\u00f3mica.<\/p>\n<p>2008.- Muere Yma S\u00famac, soprano peruana.<\/p>\n<p>2009.- La financiera CIT se declara en bancarrota, en la quinta mayor quiebra en la historia de EEUU.<\/p>\n<p>&#8211; Fallece Alda Merini, poeta italiana.<\/p>\n<p>&#8211; Muere George Zoritch, bailar\u00edn ruso.<\/p>\n<p>2013.- El Parque Nacional de Chile Torres del Paine se convierte en la octava maravilla del mundo.<\/p>\n","protected":false},"excerpt":{"rendered":"<p>En un 1 de noviembre, pero de 1775, un terremoto provoca la muerte de m\u00e1s de 30.000 personas y destruye la mayor parte de la ciudad de Lisboa. 1878.- Fundaci\u00f3n en Montevideo de \u00abEl Bien P\u00fablico\u00bb, el peri\u00f3dico m\u00e1s antiguo de Uruguay. 1880.- Promulgaci\u00f3n de una nueva Constituci\u00f3n en Honduras, que moderniza la estructura pol\u00edtica&hellip;<\/p>\n","protected":false},"author":1,"featured_media":0,"comment_status":"open","ping_status":"open","sticky":false,"template":"","format":"standard","meta":{"footnotes":""},"categories":[14],"tags":[],"class_list":["post-46826","post","type-post","status-publish","format-standard","hentry","category-efemerides"],"_links":{"self":[{"href":"https:\/\/www.elsindical.com.ar\/notas\/wp-json\/wp\/v2\/posts\/46826","targetHints":{"allow":["GET"]}}],"collection":[{"href":"https:\/\/www.elsindical.com.ar\/notas\/wp-json\/wp\/v2\/posts"}],"about":[{"href":"https:\/\/www.elsindical.com.ar\/notas\/wp-json\/wp\/v2\/types\/post"}],"author":[{"embeddable":true,"href":"https:\/\/www.elsindical.com.ar\/notas\/wp-json\/wp\/v2\/users\/1"}],"replies":[{"embeddable":true,"href":"https:\/\/www.elsindical.com.ar\/notas\/wp-json\/wp\/v2\/comments?post=46826"}],"version-history":[{"count":1,"href":"https:\/\/www.elsindical.com.ar\/notas\/wp-json\/wp\/v2\/posts\/46826\/revisions"}],"predecessor-version":[{"id":46827,"href":"https:\/\/www.elsindical.com.ar\/notas\/wp-json\/wp\/v2\/posts\/46826\/revisions\/46827"}],"wp:attachment":[{"href":"https:\/\/www.elsindical.com.ar\/notas\/wp-json\/wp\/v2\/media?parent=46826"}],"wp:term":[{"taxonomy":"category","embeddable":true,"href":"https:\/\/www.elsindical.com.ar\/notas\/wp-json\/wp\/v2\/categories?post=46826"},{"taxonomy":"post_tag","embeddable":true,"href":"https:\/\/www.elsindical.com.ar\/notas\/wp-json\/wp\/v2\/tags?post=46826"}],"curies":[{"name":"wp","href":"https:\/\/api.w.org\/{rel}","templated":true}]}}