{"id":46794,"date":"2014-10-30T10:54:47","date_gmt":"2014-10-30T13:54:47","guid":{"rendered":"http:\/\/www.elsindical.com.ar\/notas\/?p=46794"},"modified":"2014-10-30T10:54:47","modified_gmt":"2014-10-30T13:54:47","slug":"santiago-del-esteroa-juicio-oral-la-maestra-que-tuvo-sexo-con-alumno-de-16-anos","status":"publish","type":"post","link":"https:\/\/www.elsindical.com.ar\/notas\/santiago-del-esteroa-juicio-oral-la-maestra-que-tuvo-sexo-con-alumno-de-16-anos\/","title":{"rendered":"Santiago del Estero:A juicio oral la maestra que tuvo sexo con alumno de 16 a\u00f1os"},"content":{"rendered":"<p><em><a href=\"http:\/\/www.elsindical.com.ar\/notas\/var\/www\/html\/notas\/wp-content\/uploads\/2014\/10\/Lucita-Sandoval.jpg\"><img loading=\"lazy\" decoding=\"async\" class=\"alignnone size-medium wp-image-46795\" src=\"http:\/\/www.elsindical.com.ar\/notas\/var\/www\/html\/notas\/wp-content\/uploads\/2014\/10\/Lucita-Sandoval-300x265.jpg\" alt=\"Lucita-Sandoval\" width=\"300\" height=\"265\" srcset=\"https:\/\/www.elsindical.com.ar\/notas\/var\/www\/html\/notas\/wp-content\/uploads\/2014\/10\/Lucita-Sandoval-300x265.jpg 300w, https:\/\/www.elsindical.com.ar\/notas\/var\/www\/html\/notas\/wp-content\/uploads\/2014\/10\/Lucita-Sandoval-338x300.jpg 338w, https:\/\/www.elsindical.com.ar\/notas\/var\/www\/html\/notas\/wp-content\/uploads\/2014\/10\/Lucita-Sandoval.jpg 531w\" sizes=\"auto, (max-width: 300px) 100vw, 300px\" \/><\/a>La mujer de 35 a\u00f1os identificada como Lucita Sandoval tendr\u00e1 que responder ante las autoridades luego de que se difundiera el video.<\/em><\/p>\n<p>La maestra argentina tendr\u00e1 que responder ante las autoridades luego de que se difundiera un video de ella teniendo relaciones sexuales con uno de sus alumnos de 16 a\u00f1os.<\/p>\n<p>La mujer grab\u00f3 un video de 23 minutos de duraci\u00f3n en el que aparece teniendo sexo con uno de sus alumnos del secundario, a los que les imparte la materia de Lengua en una escuela de Santiago del Estero.<\/p>\n<p>Esta no ser\u00eda la primera vez que a Sandoval se le culpa de acercamientos inapropiados con alumnos, sin embargo s\u00ed es la primera ocasi\u00f3n en la que se tiene evidencia en video.<\/p>\n<p>En el video se aprecia a la maestra y al joven, vistiendo una camiseta de River Plate, teniendo sexo.<\/p>\n","protected":false},"excerpt":{"rendered":"<p>La mujer de 35 a\u00f1os identificada como Lucita Sandoval tendr\u00e1 que responder ante las autoridades luego de que se difundiera el video. La maestra argentina tendr\u00e1 que responder ante las autoridades luego de que se difundiera un video de ella teniendo relaciones sexuales con uno de sus alumnos de 16 a\u00f1os. La mujer grab\u00f3 un&hellip;<\/p>\n","protected":false},"author":1,"featured_media":0,"comment_status":"open","ping_status":"open","sticky":false,"template":"","format":"standard","meta":{"footnotes":""},"categories":[20],"tags":[222,516,1047,223,1478,241,368],"class_list":["post-46794","post","type-post","status-publish","format-standard","hentry","category-judiciales","tag-alumno","tag-juicio-oral","tag-maestra","tag-menor","tag-santiago-del-estero","tag-sexo","tag-video"],"_links":{"self":[{"href":"https:\/\/www.elsindical.com.ar\/notas\/wp-json\/wp\/v2\/posts\/46794","targetHints":{"allow":["GET"]}}],"collection":[{"href":"https:\/\/www.elsindical.com.ar\/notas\/wp-json\/wp\/v2\/posts"}],"about":[{"href":"https:\/\/www.elsindical.com.ar\/notas\/wp-json\/wp\/v2\/types\/post"}],"author":[{"embeddable":true,"href":"https:\/\/www.elsindical.com.ar\/notas\/wp-json\/wp\/v2\/users\/1"}],"replies":[{"embeddable":true,"href":"https:\/\/www.elsindical.com.ar\/notas\/wp-json\/wp\/v2\/comments?post=46794"}],"version-history":[{"count":1,"href":"https:\/\/www.elsindical.com.ar\/notas\/wp-json\/wp\/v2\/posts\/46794\/revisions"}],"predecessor-version":[{"id":46796,"href":"https:\/\/www.elsindical.com.ar\/notas\/wp-json\/wp\/v2\/posts\/46794\/revisions\/46796"}],"wp:attachment":[{"href":"https:\/\/www.elsindical.com.ar\/notas\/wp-json\/wp\/v2\/media?parent=46794"}],"wp:term":[{"taxonomy":"category","embeddable":true,"href":"https:\/\/www.elsindical.com.ar\/notas\/wp-json\/wp\/v2\/categories?post=46794"},{"taxonomy":"post_tag","embeddable":true,"href":"https:\/\/www.elsindical.com.ar\/notas\/wp-json\/wp\/v2\/tags?post=46794"}],"curies":[{"name":"wp","href":"https:\/\/api.w.org\/{rel}","templated":true}]}}