{"id":46788,"date":"2014-10-30T01:09:16","date_gmt":"2014-10-30T04:09:16","guid":{"rendered":"http:\/\/www.elsindical.com.ar\/notas\/?p=46788"},"modified":"2014-10-30T01:09:16","modified_gmt":"2014-10-30T04:09:16","slug":"allanaron-un-bunker-de-droga-en-chingolo","status":"publish","type":"post","link":"https:\/\/www.elsindical.com.ar\/notas\/allanaron-un-bunker-de-droga-en-chingolo\/","title":{"rendered":"Allanaron un b\u00fanker de droga en Chingolo"},"content":{"rendered":"<p class=\"bajada\"><em><a href=\"http:\/\/www.elsindical.com.ar\/notas\/var\/www\/html\/notas\/wp-content\/uploads\/2014\/10\/109364_1.jpg\"><img loading=\"lazy\" decoding=\"async\" class=\"alignnone size-medium wp-image-46789\" src=\"http:\/\/www.elsindical.com.ar\/notas\/var\/www\/html\/notas\/wp-content\/uploads\/2014\/10\/109364_1-300x140.jpg\" alt=\"109364_1\" width=\"300\" height=\"140\" srcset=\"https:\/\/www.elsindical.com.ar\/notas\/var\/www\/html\/notas\/wp-content\/uploads\/2014\/10\/109364_1-300x140.jpg 300w, https:\/\/www.elsindical.com.ar\/notas\/var\/www\/html\/notas\/wp-content\/uploads\/2014\/10\/109364_1-500x234.jpg 500w, https:\/\/www.elsindical.com.ar\/notas\/var\/www\/html\/notas\/wp-content\/uploads\/2014\/10\/109364_1.jpg 620w\" sizes=\"auto, (max-width: 300px) 100vw, 300px\" \/><\/a>La Polic\u00eda lleg\u00f3 a la vivienda tras investigar a una banda que comercializaba estupefacientes en la v\u00eda p\u00fablica.<\/em><\/p>\n<p class=\"bajada\">La investigaci\u00f3n estuvo a cargo de la comisar\u00eda sexta de Lan\u00fas. Llegaron a la casa a partir del seguimiento de una agrupaci\u00f3n delictiva conocida como la banda de \u201cLa Gladys\u201d, que operaba en plena calle y en proximidades de un establecimiento deportivo.<\/p>\n<p>A partir de la investigaci\u00f3n y tras el aval de la Justicia, se realiz\u00f3 el allanamiento en una casa del barrio Villa Urquiza de Monte Chingolo, partido de Lan\u00fas. En el procedimiento, los efectivos hallaron \u201cgran cantidad de dosis de marihuana y coca\u00edna\u201d, adem\u00e1s de elementos de corte y dinero en efectivo.<\/p>\n<p>\u201cLo llamativo del hecho, es que estas personas hab\u00edan invadido totalmente el espacio p\u00fablico y construido una jaula con alambre tejido, para realizar con m\u00e1s tranquilidad sus ventas\u201d, advirtieron fuentes oficiales.<\/p>\n<p class=\"bajada\"><strong>La investigaci\u00f3n.<\/strong> La causa caratulada como \u201cComercializaci\u00f3n agravada de estupefacientes por cometerse con participaci\u00f3n de menores de edad y por cometerse en cercan\u00edas de un establecimiento deportivo\u201d es investigada por la Unidad Funcional de Instrucci\u00f3n (UFI) 21, a cargo de Fernando Melli, y el Juzgado de Garant\u00edas 8 del Departamento Judicial de Lomas de Zamora.<\/p>\n<p class=\"bajada\"><strong>Antecedentes.<\/strong> En septiembre fue desbaratada una banda que vend\u00eda drogas en una pancher\u00eda, tambi\u00e9n en Chingolo. Por el hecho, detuvieron a cuatro personas. En junio, en tanto, hab\u00eda sido desarticulada una agrupaci\u00f3n delictiva que utilizaba verduras de horas para esconder los estupefacientes. El mes anterior hab\u00eda sido desarticulado la banda que vend\u00eda la especial \u00abDolores Fonzi\u00bb, una pizza con marihuana.<\/p>\n<p class=\"bajada\"><a href=\"http:\/\/www.elsindical.com.ar\/notas\/var\/www\/html\/notas\/wp-content\/uploads\/2014\/10\/109363_1.jpg\"><img loading=\"lazy\" decoding=\"async\" class=\"alignnone size-medium wp-image-46790\" src=\"http:\/\/www.elsindical.com.ar\/notas\/var\/www\/html\/notas\/wp-content\/uploads\/2014\/10\/109363_1-300x140.jpg\" alt=\"109363_1\" width=\"300\" height=\"140\" srcset=\"https:\/\/www.elsindical.com.ar\/notas\/var\/www\/html\/notas\/wp-content\/uploads\/2014\/10\/109363_1-300x140.jpg 300w, https:\/\/www.elsindical.com.ar\/notas\/var\/www\/html\/notas\/wp-content\/uploads\/2014\/10\/109363_1-500x234.jpg 500w, https:\/\/www.elsindical.com.ar\/notas\/var\/www\/html\/notas\/wp-content\/uploads\/2014\/10\/109363_1.jpg 620w\" sizes=\"auto, (max-width: 300px) 100vw, 300px\" \/><\/a><\/p>\n","protected":false},"excerpt":{"rendered":"<p>La Polic\u00eda lleg\u00f3 a la vivienda tras investigar a una banda que comercializaba estupefacientes en la v\u00eda p\u00fablica. La investigaci\u00f3n estuvo a cargo de la comisar\u00eda sexta de Lan\u00fas. Llegaron a la casa a partir del seguimiento de una agrupaci\u00f3n delictiva conocida como la banda de \u201cLa Gladys\u201d, que operaba en plena calle y en&hellip;<\/p>\n","protected":false},"author":1,"featured_media":0,"comment_status":"open","ping_status":"open","sticky":false,"template":"","format":"standard","meta":{"footnotes":""},"categories":[22],"tags":[43,20192,209,744,664,4840,8775,2339],"class_list":["post-46788","post","type-post","status-publish","format-standard","hentry","category-policiales","tag-cocaina","tag-la-gladys","tag-lanus","tag-lomas-de-zamora","tag-marihuana","tag-monte-chingolo","tag-ufi-21","tag-villa-urquiza"],"_links":{"self":[{"href":"https:\/\/www.elsindical.com.ar\/notas\/wp-json\/wp\/v2\/posts\/46788","targetHints":{"allow":["GET"]}}],"collection":[{"href":"https:\/\/www.elsindical.com.ar\/notas\/wp-json\/wp\/v2\/posts"}],"about":[{"href":"https:\/\/www.elsindical.com.ar\/notas\/wp-json\/wp\/v2\/types\/post"}],"author":[{"embeddable":true,"href":"https:\/\/www.elsindical.com.ar\/notas\/wp-json\/wp\/v2\/users\/1"}],"replies":[{"embeddable":true,"href":"https:\/\/www.elsindical.com.ar\/notas\/wp-json\/wp\/v2\/comments?post=46788"}],"version-history":[{"count":1,"href":"https:\/\/www.elsindical.com.ar\/notas\/wp-json\/wp\/v2\/posts\/46788\/revisions"}],"predecessor-version":[{"id":46791,"href":"https:\/\/www.elsindical.com.ar\/notas\/wp-json\/wp\/v2\/posts\/46788\/revisions\/46791"}],"wp:attachment":[{"href":"https:\/\/www.elsindical.com.ar\/notas\/wp-json\/wp\/v2\/media?parent=46788"}],"wp:term":[{"taxonomy":"category","embeddable":true,"href":"https:\/\/www.elsindical.com.ar\/notas\/wp-json\/wp\/v2\/categories?post=46788"},{"taxonomy":"post_tag","embeddable":true,"href":"https:\/\/www.elsindical.com.ar\/notas\/wp-json\/wp\/v2\/tags?post=46788"}],"curies":[{"name":"wp","href":"https:\/\/api.w.org\/{rel}","templated":true}]}}