{"id":4672,"date":"2010-03-18T19:30:56","date_gmt":"2010-03-18T22:30:56","guid":{"rendered":"http:\/\/www.elsindical.com.ar\/notas\/?p=4672"},"modified":"2010-03-18T19:30:56","modified_gmt":"2010-03-18T22:30:56","slug":"drogas-frente-a-un-colegio-en-villa-crespo","status":"publish","type":"post","link":"https:\/\/www.elsindical.com.ar\/notas\/drogas-frente-a-un-colegio-en-villa-crespo\/","title":{"rendered":"Drogas frente a un colegio en Villa Crespo"},"content":{"rendered":"<p style=\"text-align: justify;\"><a href=\"http:\/\/www.elsindical.com.ar\/notas\/var\/www\/html\/notas\/wp-content\/uploads\/2010\/03\/ubicaci\u00f3n-plaza-24-de-septi.jpg\"><img loading=\"lazy\" decoding=\"async\" class=\"alignleft size-medium wp-image-4673\" title=\"ubicaci\u00f3n-plaza-24-de-septi\" src=\"http:\/\/www.elsindical.com.ar\/notas\/var\/www\/html\/notas\/wp-content\/uploads\/2010\/03\/ubicaci\u00f3n-plaza-24-de-septi-300x241.jpg\" alt=\"\" width=\"300\" height=\"241\" srcset=\"https:\/\/www.elsindical.com.ar\/notas\/var\/www\/html\/notas\/wp-content\/uploads\/2010\/03\/ubicaci\u00f3n-plaza-24-de-septi-300x241.jpg 300w, https:\/\/www.elsindical.com.ar\/notas\/var\/www\/html\/notas\/wp-content\/uploads\/2010\/03\/ubicaci\u00f3n-plaza-24-de-septi.jpg 443w\" sizes=\"auto, (max-width: 300px) 100vw, 300px\" \/><\/a>La <strong>plaza 24 de septiembre<\/strong> ubicada en el barrio de <strong>Villa Crespo<\/strong>, entre la <strong>Av. San Mart\u00edn, Cnel. A Figueroa, Gral. M.A. Rodr\u00edguez y Antezana<\/strong>, es la t\u00edpica plaza de barrio, recientemente remodelada por el Gobierno de la Ciudad, suele congregar a varias generaciones en su espacio.<\/p>\n<p style=\"text-align: justify;\">Frente a la misma, en <strong>Cnel. A. Figueroa 651<\/strong>, se encuentra la escuela p\u00fablica de jornada completa <strong>N\u00ba 16 \u201cAndr\u00e9s Ferreyra\u201d<\/strong> con un funcionamiento escolar desde las <strong>08.15 hasta las 16:20 hs<\/strong>. Contando con un comedor al mediod\u00eda para las ni\u00f1os.<\/p>\n<p style=\"text-align: justify;\">Justo frente a esta escuela, suelen reunirse frente a uno de los bancos con mesa que posee la plaza, distintos grupos de j\u00f3venes, que sin el m\u00e1s m\u00ednimo pudor o reparo, arman y luego fuman los porros a la vista de quienes por all\u00ed pasan. Este medio se hizo presente en el lugar exactamente cuando faltaban minutos para la salida de los chicos de la escuela, eran las 16:15 hs. y como se aprecia en la imagen, estos cuatro j\u00f3venes se encontraban armando sus porros a plena luz del d\u00eda.<\/p>\n<p style=\"text-align: justify;\"><strong>Otra vez la 13<\/strong><\/p>\n<p style=\"text-align: justify;\">La plaza en cuesti\u00f3n, se encuentra dentro de la jurisdicci\u00f3n de la <strong>Comisar\u00eda N\u00ba 13 de la Polic\u00eda Federal Argentina,<\/strong> una seccional que ha generado muchas reacciones por parte de los vecinos cansados de robos, violaciones y otros delitos en los barrios de Caballito, Flores, Paternal y Villa Crespo. En este caso en particular, dentro del horario bancario, las <strong>10:00 y las 15:30 hs<\/strong>. uno puede observar a un polic\u00eda custodiando la sucursal del <strong>Banco Ciudad<\/strong> (Av. San Mart\u00edn 1242), pero m\u00e1s tarde no hay efectivo alguno a la vista, a pesar de que la plaza es un lugar propicio para los delincuentes.<\/p>\n<p style=\"text-align: justify;\"><strong>Conclusi\u00f3n<\/strong><\/p>\n<p style=\"text-align: justify;\">Uno siempre celebra las obras que se realizan para mejorar los espacios p\u00fablicos, ya que en la ciudad siempre son una especie de oasis en medio de la selva de cemento. Pero para que estos lugares puedan ser apreciados por los ciudadanos deben tener un m\u00ednimo de seguridad, pocos se acercar\u00edan a una plaza donde grupos de j\u00f3venes o no se encuentren dedicados a la bebida o las drogas.<\/p>\n<p style=\"text-align: justify;\">Las autoridades del <strong>Gobierno de la Ciudad<\/strong> deber\u00edan atender este tipo de hechos y exigirles a las autoridades policiales el cumplimiento de sus obligaciones, o bien enviar a los efectivos propios de la Polic\u00eda Metropolitana, creada para brindarles seguridad a los vecinos seg\u00fan propias palabras del ingeniero <strong>Mauricio Macri<\/strong>.<\/p>\n<p style=\"text-align: justify;\">Seguiremos recorriendo las plazas, ya hemos hecho referencia a Plaza Miserere en el barrio de Once y a la Plaza Constituci\u00f3n del mismo barrio.<\/p>\n<p style=\"text-align: justify;\">Si alguno de nuestros lectores quiere escribirnos sobre la plaza de su barrio, cont\u00e1ndonos que cosas faltan, o que ocurre en ellas, estamos a disposici\u00f3n de ustedes.<\/p>\n<p style=\"text-align: justify;\">Como siempre, muchas gracias por confiar en nosotros.<\/p>\n<p style=\"text-align: justify;\"><a href=\"http:\/\/www.elsindical.com.ar\/notas\/var\/www\/html\/notas\/wp-content\/uploads\/2010\/03\/plaza-24-de-septiembre-drog.jpg\"><img loading=\"lazy\" decoding=\"async\" class=\"alignleft size-medium wp-image-4674\" title=\"plaza-24-de-septiembre-drog\" src=\"http:\/\/www.elsindical.com.ar\/notas\/var\/www\/html\/notas\/wp-content\/uploads\/2010\/03\/plaza-24-de-septiembre-drog-224x300.jpg\" alt=\"\" width=\"224\" height=\"300\" srcset=\"https:\/\/www.elsindical.com.ar\/notas\/var\/www\/html\/notas\/wp-content\/uploads\/2010\/03\/plaza-24-de-septiembre-drog-224x300.jpg 224w, https:\/\/www.elsindical.com.ar\/notas\/var\/www\/html\/notas\/wp-content\/uploads\/2010\/03\/plaza-24-de-septiembre-drog.jpg 443w\" sizes=\"auto, (max-width: 224px) 100vw, 224px\" \/><\/a><\/p>\n","protected":false},"excerpt":{"rendered":"<p>La plaza 24 de septiembre ubicada en el barrio de Villa Crespo, entre la Av. San Mart\u00edn, Cnel. A Figueroa, Gral. M.A. Rodr\u00edguez y Antezana, es la t\u00edpica plaza de barrio, recientemente remodelada por el Gobierno de la Ciudad, suele congregar a varias generaciones en su espacio. Frente a la misma, en Cnel. A. Figueroa&hellip;<\/p>\n","protected":false},"author":1,"featured_media":0,"comment_status":"open","ping_status":"open","sticky":false,"template":"","format":"standard","meta":{"footnotes":""},"categories":[12],"tags":[99,2446,2450,382,2448,378,2449,1448,958,2447,1174,750],"class_list":["post-4672","post","type-post","status-publish","format-standard","hentry","category-investigacion","tag-chicos","tag-comisaria-13","tag-diario-el-sindical","tag-drogas","tag-escuela","tag-jovenes","tag-lectores","tag-marcelo-ricardo-hawrylciw","tag-policia-federal","tag-porro","tag-robos","tag-violaciones"],"_links":{"self":[{"href":"https:\/\/www.elsindical.com.ar\/notas\/wp-json\/wp\/v2\/posts\/4672","targetHints":{"allow":["GET"]}}],"collection":[{"href":"https:\/\/www.elsindical.com.ar\/notas\/wp-json\/wp\/v2\/posts"}],"about":[{"href":"https:\/\/www.elsindical.com.ar\/notas\/wp-json\/wp\/v2\/types\/post"}],"author":[{"embeddable":true,"href":"https:\/\/www.elsindical.com.ar\/notas\/wp-json\/wp\/v2\/users\/1"}],"replies":[{"embeddable":true,"href":"https:\/\/www.elsindical.com.ar\/notas\/wp-json\/wp\/v2\/comments?post=4672"}],"version-history":[{"count":1,"href":"https:\/\/www.elsindical.com.ar\/notas\/wp-json\/wp\/v2\/posts\/4672\/revisions"}],"predecessor-version":[{"id":4675,"href":"https:\/\/www.elsindical.com.ar\/notas\/wp-json\/wp\/v2\/posts\/4672\/revisions\/4675"}],"wp:attachment":[{"href":"https:\/\/www.elsindical.com.ar\/notas\/wp-json\/wp\/v2\/media?parent=4672"}],"wp:term":[{"taxonomy":"category","embeddable":true,"href":"https:\/\/www.elsindical.com.ar\/notas\/wp-json\/wp\/v2\/categories?post=4672"},{"taxonomy":"post_tag","embeddable":true,"href":"https:\/\/www.elsindical.com.ar\/notas\/wp-json\/wp\/v2\/tags?post=4672"}],"curies":[{"name":"wp","href":"https:\/\/api.w.org\/{rel}","templated":true}]}}