{"id":46718,"date":"2014-10-27T20:42:06","date_gmt":"2014-10-27T23:42:06","guid":{"rendered":"http:\/\/www.elsindical.com.ar\/notas\/?p=46718"},"modified":"2014-10-27T20:42:38","modified_gmt":"2014-10-27T23:42:38","slug":"cordoba","status":"publish","type":"post","link":"https:\/\/www.elsindical.com.ar\/notas\/cordoba\/","title":{"rendered":"C\u00f3rdoba:Asesin\u00f3 a su perro at\u00e1ndolo al parachoques de su auto y lo arrastr\u00f3"},"content":{"rendered":"<p><em><a href=\"http:\/\/www.elsindical.com.ar\/notas\/var\/www\/html\/notas\/wp-content\/uploads\/2014\/10\/10712977.jpg\"><img loading=\"lazy\" decoding=\"async\" class=\"alignnone size-medium wp-image-46720\" src=\"http:\/\/www.elsindical.com.ar\/notas\/var\/www\/html\/notas\/wp-content\/uploads\/2014\/10\/10712977-300x168.jpg\" alt=\"10712977\" width=\"300\" height=\"168\" srcset=\"https:\/\/www.elsindical.com.ar\/notas\/var\/www\/html\/notas\/wp-content\/uploads\/2014\/10\/10712977-300x168.jpg 300w, https:\/\/www.elsindical.com.ar\/notas\/var\/www\/html\/notas\/wp-content\/uploads\/2014\/10\/10712977-500x281.jpg 500w, https:\/\/www.elsindical.com.ar\/notas\/var\/www\/html\/notas\/wp-content\/uploads\/2014\/10\/10712977.jpg 531w\" sizes=\"auto, (max-width: 300px) 100vw, 300px\" \/><\/a>El hecho conmociona\u00a0a la ciudad cordobesa de Unquillo. El due\u00f1o\u00a0sujet\u00f3 al\u00a0can del paragolpe de su veh\u00edculo\u00a0y lo \u00abpase\u00f3\u00bb hasta terminar con su vida. La abyecta persona que cometi\u00f3 el hecho fue detenida.<\/em><\/p>\n<p>Un nuevo caso de maltrato animal contra un perro conmueve a la sociedad cordobesa, luego de que una mujer comenzara a viralizar la noticia a trav\u00e9s de Facebook, d\u00e1ndola a conocer a distintas organizaciones que se encargan de defender los derechos de los animales.<\/p>\n<p>Un sujeto domiciliado en Unquillo no s\u00f3lo habr\u00eda golpeado a su perro, sino que adem\u00e1s, tuvo la\u00a0idea de \u00abpasearlo\u00bb atado al paragolpes de su veh\u00edculo, un desgastado Peugeot 504.<\/p>\n<p>La gente advirti\u00f3 a la Polic\u00eda lo que estaba sucediendo y el hombre fue detenido en la comisar\u00eda de esa ciudad por violaci\u00f3n a la Ley Sarmiento, de acuerdo a lo confirmado por el departamento de prensa al diario <em>D\u00eda a D\u00eda<\/em>.<\/p>\n<p>De acuerdo al reporte que realiza la persona que da cuenta de este horrendo cuadro en su Facebook, el perrito muri\u00f3 por las heridas recibidas antes de recibir asistencia de un veterinario.<\/p>\n<p><a href=\"http:\/\/www.elsindical.com.ar\/notas\/var\/www\/html\/notas\/wp-content\/uploads\/2014\/10\/10600660.jpg\"><img loading=\"lazy\" decoding=\"async\" class=\"alignnone size-medium wp-image-46719\" src=\"http:\/\/www.elsindical.com.ar\/notas\/var\/www\/html\/notas\/wp-content\/uploads\/2014\/10\/10600660-300x225.jpg\" alt=\"10600660\" width=\"300\" height=\"225\" srcset=\"https:\/\/www.elsindical.com.ar\/notas\/var\/www\/html\/notas\/wp-content\/uploads\/2014\/10\/10600660-300x225.jpg 300w, https:\/\/www.elsindical.com.ar\/notas\/var\/www\/html\/notas\/wp-content\/uploads\/2014\/10\/10600660-400x300.jpg 400w, https:\/\/www.elsindical.com.ar\/notas\/var\/www\/html\/notas\/wp-content\/uploads\/2014\/10\/10600660.jpg 620w\" sizes=\"auto, (max-width: 300px) 100vw, 300px\" \/><\/a><\/p>\n","protected":false},"excerpt":{"rendered":"<p>El hecho conmociona\u00a0a la ciudad cordobesa de Unquillo. El due\u00f1o\u00a0sujet\u00f3 al\u00a0can del paragolpe de su veh\u00edculo\u00a0y lo \u00abpase\u00f3\u00bb hasta terminar con su vida. La abyecta persona que cometi\u00f3 el hecho fue detenida. Un nuevo caso de maltrato animal contra un perro conmueve a la sociedad cordobesa, luego de que una mujer comenzara a viralizar la&hellip;<\/p>\n","protected":false},"author":1,"featured_media":0,"comment_status":"open","ping_status":"open","sticky":false,"template":"","format":"standard","meta":{"footnotes":""},"categories":[22],"tags":[153,7866,91,219,302,7088],"class_list":["post-46718","post","type-post","status-publish","format-standard","hentry","category-policiales","tag-cordoba","tag-criminal","tag-detenido","tag-facebook","tag-perro","tag-unquillo"],"_links":{"self":[{"href":"https:\/\/www.elsindical.com.ar\/notas\/wp-json\/wp\/v2\/posts\/46718","targetHints":{"allow":["GET"]}}],"collection":[{"href":"https:\/\/www.elsindical.com.ar\/notas\/wp-json\/wp\/v2\/posts"}],"about":[{"href":"https:\/\/www.elsindical.com.ar\/notas\/wp-json\/wp\/v2\/types\/post"}],"author":[{"embeddable":true,"href":"https:\/\/www.elsindical.com.ar\/notas\/wp-json\/wp\/v2\/users\/1"}],"replies":[{"embeddable":true,"href":"https:\/\/www.elsindical.com.ar\/notas\/wp-json\/wp\/v2\/comments?post=46718"}],"version-history":[{"count":2,"href":"https:\/\/www.elsindical.com.ar\/notas\/wp-json\/wp\/v2\/posts\/46718\/revisions"}],"predecessor-version":[{"id":46722,"href":"https:\/\/www.elsindical.com.ar\/notas\/wp-json\/wp\/v2\/posts\/46718\/revisions\/46722"}],"wp:attachment":[{"href":"https:\/\/www.elsindical.com.ar\/notas\/wp-json\/wp\/v2\/media?parent=46718"}],"wp:term":[{"taxonomy":"category","embeddable":true,"href":"https:\/\/www.elsindical.com.ar\/notas\/wp-json\/wp\/v2\/categories?post=46718"},{"taxonomy":"post_tag","embeddable":true,"href":"https:\/\/www.elsindical.com.ar\/notas\/wp-json\/wp\/v2\/tags?post=46718"}],"curies":[{"name":"wp","href":"https:\/\/api.w.org\/{rel}","templated":true}]}}