{"id":46715,"date":"2014-10-27T16:33:22","date_gmt":"2014-10-27T19:33:22","guid":{"rendered":"http:\/\/www.elsindical.com.ar\/notas\/?p=46715"},"modified":"2014-10-27T16:33:22","modified_gmt":"2014-10-27T19:33:22","slug":"ayelen-elizeche-participo-del-mundial-juvenil-de-judo","status":"publish","type":"post","link":"https:\/\/www.elsindical.com.ar\/notas\/ayelen-elizeche-participo-del-mundial-juvenil-de-judo\/","title":{"rendered":"Ayel\u00e9n Elizeche particip\u00f3 del Mundial Juvenil de Judo"},"content":{"rendered":"<p><em><a href=\"http:\/\/www.elsindical.com.ar\/notas\/var\/www\/html\/notas\/wp-content\/uploads\/2014\/10\/ayelen-elizeche.jpg\"><img loading=\"lazy\" decoding=\"async\" class=\"alignnone size-medium wp-image-46716\" src=\"http:\/\/www.elsindical.com.ar\/notas\/var\/www\/html\/notas\/wp-content\/uploads\/2014\/10\/ayelen-elizeche-300x173.jpg\" alt=\"ayelen-elizeche\" width=\"300\" height=\"173\" srcset=\"https:\/\/www.elsindical.com.ar\/notas\/var\/www\/html\/notas\/wp-content\/uploads\/2014\/10\/ayelen-elizeche-300x173.jpg 300w, https:\/\/www.elsindical.com.ar\/notas\/var\/www\/html\/notas\/wp-content\/uploads\/2014\/10\/ayelen-elizeche-500x289.jpg 500w, https:\/\/www.elsindical.com.ar\/notas\/var\/www\/html\/notas\/wp-content\/uploads\/2014\/10\/ayelen-elizeche.jpg 502w\" sizes=\"auto, (max-width: 300px) 100vw, 300px\" \/><\/a>La deportista local, medalla dorada en los \u00faltimos juegos ol\u00edmpicos juveniles, es integrante del programa municipal \u201cAliento\u201d.\u00a0<\/em><\/p>\n<p>La\u00a0 Municipalidad de Avellaneda informa que la deportista local Ayel\u00e9n Elizeche, quien obtuviera durante el mes de agosto la medalla de oro en los Juegos Ol\u00edmpicos Juveniles de Nanjing 2014, particip\u00f3 en esta ocasi\u00f3n del Mundial Juvenil de Judo disputado en Fort Laurderdale, Estados Unidos.<\/p>\n<p>Ayel\u00e9n es parte del Programa \u201cAliento\u201d desde 2010, y es una de las deportistas con mayor proyecci\u00f3n de la ciudad de Avellaneda.<\/p>\n<p>Este programa est\u00e1 destinado a colaborar con el desarrollo de la carrera de deportistas de alto rendimiento de la Ciudad, quienes compiten en distintas disciplinas. Adem\u00e1s,\u00a0 gestiona el acceso a recursos que faciliten su participaci\u00f3n en competencias nacionales e internacionales. En este sentido, la implementaci\u00f3n del programa incluye la articulaci\u00f3n con empresas locales para que act\u00faen como sponsors de los atletas.<\/p>\n","protected":false},"excerpt":{"rendered":"<p>La deportista local, medalla dorada en los \u00faltimos juegos ol\u00edmpicos juveniles, es integrante del programa municipal \u201cAliento\u201d.\u00a0 La\u00a0 Municipalidad de Avellaneda informa que la deportista local Ayel\u00e9n Elizeche, quien obtuviera durante el mes de agosto la medalla de oro en los Juegos Ol\u00edmpicos Juveniles de Nanjing 2014, particip\u00f3 en esta ocasi\u00f3n del Mundial Juvenil de&hellip;<\/p>\n","protected":false},"author":1,"featured_media":0,"comment_status":"open","ping_status":"open","sticky":false,"template":"","format":"standard","meta":{"footnotes":""},"categories":[7],"tags":[461,20166,20167,1856],"class_list":["post-46715","post","type-post","status-publish","format-standard","hentry","category-deportes","tag-avellaneda","tag-ayelen-elizeche","tag-judo","tag-mundial"],"_links":{"self":[{"href":"https:\/\/www.elsindical.com.ar\/notas\/wp-json\/wp\/v2\/posts\/46715","targetHints":{"allow":["GET"]}}],"collection":[{"href":"https:\/\/www.elsindical.com.ar\/notas\/wp-json\/wp\/v2\/posts"}],"about":[{"href":"https:\/\/www.elsindical.com.ar\/notas\/wp-json\/wp\/v2\/types\/post"}],"author":[{"embeddable":true,"href":"https:\/\/www.elsindical.com.ar\/notas\/wp-json\/wp\/v2\/users\/1"}],"replies":[{"embeddable":true,"href":"https:\/\/www.elsindical.com.ar\/notas\/wp-json\/wp\/v2\/comments?post=46715"}],"version-history":[{"count":1,"href":"https:\/\/www.elsindical.com.ar\/notas\/wp-json\/wp\/v2\/posts\/46715\/revisions"}],"predecessor-version":[{"id":46717,"href":"https:\/\/www.elsindical.com.ar\/notas\/wp-json\/wp\/v2\/posts\/46715\/revisions\/46717"}],"wp:attachment":[{"href":"https:\/\/www.elsindical.com.ar\/notas\/wp-json\/wp\/v2\/media?parent=46715"}],"wp:term":[{"taxonomy":"category","embeddable":true,"href":"https:\/\/www.elsindical.com.ar\/notas\/wp-json\/wp\/v2\/categories?post=46715"},{"taxonomy":"post_tag","embeddable":true,"href":"https:\/\/www.elsindical.com.ar\/notas\/wp-json\/wp\/v2\/tags?post=46715"}],"curies":[{"name":"wp","href":"https:\/\/api.w.org\/{rel}","templated":true}]}}