{"id":46621,"date":"2014-10-24T14:27:27","date_gmt":"2014-10-24T17:27:27","guid":{"rendered":"http:\/\/www.elsindical.com.ar\/notas\/?p=46621"},"modified":"2014-10-24T14:27:27","modified_gmt":"2014-10-24T17:27:27","slug":"la-platatres-alumnos-apunalaron-a-otro-porque-le-va-bien-en-el-colegio","status":"publish","type":"post","link":"https:\/\/www.elsindical.com.ar\/notas\/la-platatres-alumnos-apunalaron-a-otro-porque-le-va-bien-en-el-colegio\/","title":{"rendered":"La Plata:Tres alumnos apu\u00f1alaron a otro \u00abporque le va bien en el colegio\u00bb"},"content":{"rendered":"<p><em><a href=\"http:\/\/www.elsindical.com.ar\/notas\/var\/www\/html\/notas\/wp-content\/uploads\/2010\/06\/patrulla-bonaerense.gif\"><img loading=\"lazy\" decoding=\"async\" class=\"alignnone size-full wp-image-7621\" src=\"http:\/\/www.elsindical.com.ar\/notas\/var\/www\/html\/notas\/wp-content\/uploads\/2010\/06\/patrulla-bonaerense.gif\" alt=\"patrulla-bonaerense\" width=\"200\" height=\"133\" \/><\/a>Los tres ni\u00f1os de entre 10 y 14 a\u00f1os hirieron de una pu\u00f1alada en el abdomen a un compa\u00f1ero de 12 en la puerta del establecimiento.<\/em><\/p>\n<p>El caso de violencia escolar ocurri\u00f3 ayer en la puerta de la escuela primaria n\u00famero 52, ubicada en las calles 139 entre 33 y 34 de La Plata, cuando un menor de 12 a\u00f1os sali\u00f3 de clases y antes que pudiera andar varios metros fue interceptado por tres compa\u00f1eros, de entre 10 y 14 a\u00f1os.<\/p>\n<p>Los tres alumnos rodearon al alumno de 12 y comenzaron a insultarlo, empujarlo y agredirlo, tras lo cual uno de ellos extrajo un elemento cortante y le aplic\u00f3 un puntazo en el abdomen.<\/p>\n<p>Los agresores escaparon y otros alumnos dieron aviso a las autoridades del establecimiento, que llamaron a la polic\u00eda.<\/p>\n<p>El ni\u00f1o fue atendido en una sala de primeros auxilios lindante con la escuela, donde los m\u00e9dicos constataron que la pu\u00f1alada no hab\u00eda afectado \u00f3rganos vitales, tras lo cual lo derivaron al hospital Alejandro Korn de Melchor Romero.<\/p>\n<p>La polic\u00eda inici\u00f3 actuaciones por el delito de \u00ablesiones\u00bb y seg\u00fan se inform\u00f3 los atacantes ya fueron identificados.<\/p>\n","protected":false},"excerpt":{"rendered":"<p>Los tres ni\u00f1os de entre 10 y 14 a\u00f1os hirieron de una pu\u00f1alada en el abdomen a un compa\u00f1ero de 12 en la puerta del establecimiento. El caso de violencia escolar ocurri\u00f3 ayer en la puerta de la escuela primaria n\u00famero 52, ubicada en las calles 139 entre 33 y 34 de La Plata, cuando&hellip;<\/p>\n","protected":false},"author":1,"featured_media":0,"comment_status":"open","ping_status":"open","sticky":false,"template":"","format":"standard","meta":{"footnotes":""},"categories":[22],"tags":[366,3300,239,318],"class_list":["post-46621","post","type-post","status-publish","format-standard","hentry","category-policiales","tag-alumnos","tag-apunalado","tag-la-plata","tag-violencia"],"_links":{"self":[{"href":"https:\/\/www.elsindical.com.ar\/notas\/wp-json\/wp\/v2\/posts\/46621","targetHints":{"allow":["GET"]}}],"collection":[{"href":"https:\/\/www.elsindical.com.ar\/notas\/wp-json\/wp\/v2\/posts"}],"about":[{"href":"https:\/\/www.elsindical.com.ar\/notas\/wp-json\/wp\/v2\/types\/post"}],"author":[{"embeddable":true,"href":"https:\/\/www.elsindical.com.ar\/notas\/wp-json\/wp\/v2\/users\/1"}],"replies":[{"embeddable":true,"href":"https:\/\/www.elsindical.com.ar\/notas\/wp-json\/wp\/v2\/comments?post=46621"}],"version-history":[{"count":1,"href":"https:\/\/www.elsindical.com.ar\/notas\/wp-json\/wp\/v2\/posts\/46621\/revisions"}],"predecessor-version":[{"id":46622,"href":"https:\/\/www.elsindical.com.ar\/notas\/wp-json\/wp\/v2\/posts\/46621\/revisions\/46622"}],"wp:attachment":[{"href":"https:\/\/www.elsindical.com.ar\/notas\/wp-json\/wp\/v2\/media?parent=46621"}],"wp:term":[{"taxonomy":"category","embeddable":true,"href":"https:\/\/www.elsindical.com.ar\/notas\/wp-json\/wp\/v2\/categories?post=46621"},{"taxonomy":"post_tag","embeddable":true,"href":"https:\/\/www.elsindical.com.ar\/notas\/wp-json\/wp\/v2\/tags?post=46621"}],"curies":[{"name":"wp","href":"https:\/\/api.w.org\/{rel}","templated":true}]}}