{"id":46545,"date":"2014-10-22T15:22:11","date_gmt":"2014-10-22T18:22:11","guid":{"rendered":"http:\/\/www.elsindical.com.ar\/notas\/?p=46545"},"modified":"2014-10-22T15:22:11","modified_gmt":"2014-10-22T18:22:11","slug":"el-boxeador-de-avellaneda-pumita-martinez-competira-en-el-torneo-aiba-pro-boxing","status":"publish","type":"post","link":"https:\/\/www.elsindical.com.ar\/notas\/el-boxeador-de-avellaneda-pumita-martinez-competira-en-el-torneo-aiba-pro-boxing\/","title":{"rendered":"El boxeador de Avellaneda \u201cPumita\u201d Mart\u00ednez competir\u00e1 en el torneo AIBA Pro Boxing"},"content":{"rendered":"<p><em><a href=\"http:\/\/www.elsindical.com.ar\/notas\/var\/www\/html\/notas\/wp-content\/uploads\/2014\/10\/boxeador-Pumita-Martinez.jpg\"><img loading=\"lazy\" decoding=\"async\" class=\"alignnone size-medium wp-image-46546\" src=\"http:\/\/www.elsindical.com.ar\/notas\/var\/www\/html\/notas\/wp-content\/uploads\/2014\/10\/boxeador-Pumita-Martinez-300x200.jpg\" alt=\"boxeador-Pumita-Martinez\" width=\"300\" height=\"200\" srcset=\"https:\/\/www.elsindical.com.ar\/notas\/var\/www\/html\/notas\/wp-content\/uploads\/2014\/10\/boxeador-Pumita-Martinez-300x200.jpg 300w, https:\/\/www.elsindical.com.ar\/notas\/var\/www\/html\/notas\/wp-content\/uploads\/2014\/10\/boxeador-Pumita-Martinez-450x300.jpg 450w, https:\/\/www.elsindical.com.ar\/notas\/var\/www\/html\/notas\/wp-content\/uploads\/2014\/10\/boxeador-Pumita-Martinez.jpg 531w\" sizes=\"auto, (max-width: 300px) 100vw, 300px\" \/><\/a>El deportista representar\u00e1 a la Argentina en el torneo organizado por la Asociaci\u00f3n Internacional de Boxeo.\u00a0\u00a0\u00a0\u00a0<\/em><\/p>\n<p>El representante argentino y del Municipio de Avellaneda, Fernando \u201cPumita\u201d Mart\u00ednez, viaj\u00f3 a Almaty, Kazajst\u00e1n, para competir del Torneo AIBA Pro Boxing (APB), que comenzar\u00e1 el 24 de octubre. La competencia est\u00e1 organizada por la Asociaci\u00f3n Internacional de Boxeo (AIBA) y est\u00e1 avalada por el Comit\u00e9 Ol\u00edmpico Internacional (COI).<\/p>\n<p>En APB participan los 10 mejores boxeadores en igual n\u00famero de divisiones de peso de la Asociaci\u00f3n Internacional de Boxeo, para competir por el t\u00edtulo de Campe\u00f3n del Mundo de APB y la oportunidad de estar en los Juegos Ol\u00edmpicos de R\u00edo 2016. En el mismo torneo se otorgar\u00e1n 20 plazas (dos por categor\u00eda), para dicha competici\u00f3n.<\/p>\n<p>En cada categor\u00eda, los boxeadores pelear\u00e1n al menos tres veces a 6 rounds de 3 minutos. Los mejores clasifican a las finales por el campeonato que ser\u00e1n a 8 rounds y que est\u00e1n programadas para 2015. La competencia visitar\u00e1 diversas ciudades como Rusia, China y Kazajst\u00e1n.<\/p>\n<p>\u201cPumita\u201d Mart\u00ednez es integrante del programa Municipal \u201cAliento\u201d, que surge por decisi\u00f3n del Intendente Ferraresi para ayudar econ\u00f3micamente a los atletas de alto rendimiento.<\/p>\n<p>En categor\u00eda mosca Fernando \u201cPumita\u201d Mart\u00ednez se medir\u00e1 ante:<\/p>\n<ul>\n<li>vs Aleksandar Aleksandrov (29 a\u00f1os, Bulgaria)<\/li>\n<li>vs Elias Emigdio (23 a\u00f1os, Kazajst\u00e1n)<\/li>\n<li>vs Ilyas, Suleimenov \u2013 (23 a\u00f1os, Kazajst\u00e1n)<\/li>\n<li>vs Jasurbek Latipov \u2013 Plata Mundial Almaty 2013 (22 a\u00f1os, Uzbekist\u00e1n)<\/li>\n<li>vs Mikhail, Aloian \u2013 Campe\u00f3n Mundial Bak\u00fa 2011 y Almaty 2013 (25 a\u00f1os, Rusia)<\/li>\n<li>vs Mohamed Flissi \u2013 Plata Mundial Almaty 2013 (24 a\u00f1os, Argelia)<\/li>\n<li>vs Redouane, Asloum \u2013 profesional t\u00edtulo mosca CMB Mediterr\u00e1neo (33 a\u00f1os, Francia)<\/li>\n<li>vs Vincenzo, Picardi \u2013 Bronce JJOO Pek\u00edn 2008 (30 a\u00f1os, Italia)<\/li>\n<\/ul>\n","protected":false},"excerpt":{"rendered":"<p>El deportista representar\u00e1 a la Argentina en el torneo organizado por la Asociaci\u00f3n Internacional de Boxeo.\u00a0\u00a0\u00a0\u00a0 El representante argentino y del Municipio de Avellaneda, Fernando \u201cPumita\u201d Mart\u00ednez, viaj\u00f3 a Almaty, Kazajst\u00e1n, para competir del Torneo AIBA Pro Boxing (APB), que comenzar\u00e1 el 24 de octubre. La competencia est\u00e1 organizada por la Asociaci\u00f3n Internacional de Boxeo&hellip;<\/p>\n","protected":false},"author":1,"featured_media":0,"comment_status":"open","ping_status":"open","sticky":false,"template":"","format":"standard","meta":{"footnotes":""},"categories":[7],"tags":[20085,1884,20086,20088,20087,2650],"class_list":["post-46545","post","type-post","status-publish","format-standard","hentry","category-deportes","tag-apb","tag-china","tag-coi","tag-fernando-pumita-martinez","tag-kazajstan","tag-rusia"],"_links":{"self":[{"href":"https:\/\/www.elsindical.com.ar\/notas\/wp-json\/wp\/v2\/posts\/46545","targetHints":{"allow":["GET"]}}],"collection":[{"href":"https:\/\/www.elsindical.com.ar\/notas\/wp-json\/wp\/v2\/posts"}],"about":[{"href":"https:\/\/www.elsindical.com.ar\/notas\/wp-json\/wp\/v2\/types\/post"}],"author":[{"embeddable":true,"href":"https:\/\/www.elsindical.com.ar\/notas\/wp-json\/wp\/v2\/users\/1"}],"replies":[{"embeddable":true,"href":"https:\/\/www.elsindical.com.ar\/notas\/wp-json\/wp\/v2\/comments?post=46545"}],"version-history":[{"count":1,"href":"https:\/\/www.elsindical.com.ar\/notas\/wp-json\/wp\/v2\/posts\/46545\/revisions"}],"predecessor-version":[{"id":46547,"href":"https:\/\/www.elsindical.com.ar\/notas\/wp-json\/wp\/v2\/posts\/46545\/revisions\/46547"}],"wp:attachment":[{"href":"https:\/\/www.elsindical.com.ar\/notas\/wp-json\/wp\/v2\/media?parent=46545"}],"wp:term":[{"taxonomy":"category","embeddable":true,"href":"https:\/\/www.elsindical.com.ar\/notas\/wp-json\/wp\/v2\/categories?post=46545"},{"taxonomy":"post_tag","embeddable":true,"href":"https:\/\/www.elsindical.com.ar\/notas\/wp-json\/wp\/v2\/tags?post=46545"}],"curies":[{"name":"wp","href":"https:\/\/api.w.org\/{rel}","templated":true}]}}