{"id":46477,"date":"2014-10-21T03:42:36","date_gmt":"2014-10-21T06:42:36","guid":{"rendered":"http:\/\/www.elsindical.com.ar\/notas\/?p=46477"},"modified":"2014-10-21T03:42:36","modified_gmt":"2014-10-21T06:42:36","slug":"cordobafotografo-capto-el-maltrato-a-un-perro-y-detuvieron-al-agresor","status":"publish","type":"post","link":"https:\/\/www.elsindical.com.ar\/notas\/cordobafotografo-capto-el-maltrato-a-un-perro-y-detuvieron-al-agresor\/","title":{"rendered":"C\u00f3rdoba:Fot\u00f3grafo capt\u00f3 el maltrato a un perro y detuvieron al agresor"},"content":{"rendered":"<p class=\"p1 newDetailTextChange\"><em><a href=\"http:\/\/www.elsindical.com.ar\/notas\/var\/www\/html\/notas\/wp-content\/uploads\/2014\/10\/maltratador-perro-C\u00f3rdoba.jpg\"><img loading=\"lazy\" decoding=\"async\" class=\"alignnone size-medium wp-image-46478\" src=\"http:\/\/www.elsindical.com.ar\/notas\/var\/www\/html\/notas\/wp-content\/uploads\/2014\/10\/maltratador-perro-C\u00f3rdoba-300x170.jpg\" alt=\"maltratador-perro-C\u00f3rdoba\" width=\"300\" height=\"170\" srcset=\"https:\/\/www.elsindical.com.ar\/notas\/var\/www\/html\/notas\/wp-content\/uploads\/2014\/10\/maltratador-perro-C\u00f3rdoba-300x170.jpg 300w, https:\/\/www.elsindical.com.ar\/notas\/var\/www\/html\/notas\/wp-content\/uploads\/2014\/10\/maltratador-perro-C\u00f3rdoba-500x284.jpg 500w, https:\/\/www.elsindical.com.ar\/notas\/var\/www\/html\/notas\/wp-content\/uploads\/2014\/10\/maltratador-perro-C\u00f3rdoba.jpg 531w\" sizes=\"auto, (max-width: 300px) 100vw, 300px\" \/><\/a>En Villa Allende, C\u00f3rdoba, un hombre arrastr\u00f3 con una moto varios metros a su dogo, encadenado y ensangrentado. Las fotos fueron subidas a Facebook y, tras una denuncia, lograron encarcelar al sujeto.<\/em><\/p>\n<p>Un fot\u00f3grafo logr\u00f3 capturar con su c\u00e1mara el momento en que un hombre en Villa Allende, C\u00f3rdoba, arrastraba <b>varios metros a su perro con una moto<\/b>, mientras lo sosten\u00eda con una cadena sin importarle el cansancio del animal ni el rostro ensangrentado, para alertar sobre su presencia y poder detenerlo mediante una denuncia.<\/p>\n<p><b>Juan Marcelo C\u00e1ceres <\/b>fotografi\u00f3 al agresor cuando le pegaba al dogo y lo arrastraba por el pavimento de la localidad.<\/p>\n<p>Como un modo de aviso a la poblaci\u00f3n subi\u00f3 todas las fotos a su cuenta de Facebook en una secuencia que muestra incluso cuando intervino la polic\u00eda, advertida por un llamado suyo.<\/p>\n<p><b>\u00abEl perro no pudo resistir m\u00e1s<\/b>. Estaba muy cansado y con sus cuatro patas lastimadas, quemadas por el asfalto no pod\u00eda estar de pie. Se cae, fue arrastrado unos tres metros, el se\u00f1or segu\u00eda conduciendo como si nada\u00bb, detall\u00f3 C\u00e1ceres en la red social.<\/p>\n<p>El fot\u00f3grafo llam\u00f3 a la Seguridad Ciudadana del Municipio que r\u00e1pidamente aparecieron en el lugar.<\/p>\n<p>Los agentes, luego de frenar el maltrato al canino, avisaron a la Polic\u00eda, que detuvo y encarcel\u00f3 al hombre.<\/p>\n<p>El perro fue derivado de urgencia Instituto Antirr\u00e1bico de C\u00f3rdoba con <b>lesiones en las palmas de las patas y quemaduras en la cara <\/b>por el roce con el asfalto.<\/p>\n<p><a href=\"http:\/\/www.elsindical.com.ar\/notas\/var\/www\/html\/notas\/wp-content\/uploads\/2014\/10\/maltratador-perro.jpg\"><img loading=\"lazy\" decoding=\"async\" class=\"size-medium wp-image-46479 aligncenter\" src=\"http:\/\/www.elsindical.com.ar\/notas\/var\/www\/html\/notas\/wp-content\/uploads\/2014\/10\/maltratador-perro-202x300.jpg\" alt=\"maltratador-perro\" width=\"202\" height=\"300\" srcset=\"https:\/\/www.elsindical.com.ar\/notas\/var\/www\/html\/notas\/wp-content\/uploads\/2014\/10\/maltratador-perro-202x300.jpg 202w, https:\/\/www.elsindical.com.ar\/notas\/var\/www\/html\/notas\/wp-content\/uploads\/2014\/10\/maltratador-perro.jpg 531w\" sizes=\"auto, (max-width: 202px) 100vw, 202px\" \/><\/a><\/p>\n","protected":false},"excerpt":{"rendered":"<p>En Villa Allende, C\u00f3rdoba, un hombre arrastr\u00f3 con una moto varios metros a su dogo, encadenado y ensangrentado. Las fotos fueron subidas a Facebook y, tras una denuncia, lograron encarcelar al sujeto. Un fot\u00f3grafo logr\u00f3 capturar con su c\u00e1mara el momento en que un hombre en Villa Allende, C\u00f3rdoba, arrastraba varios metros a su perro&hellip;<\/p>\n","protected":false},"author":1,"featured_media":0,"comment_status":"open","ping_status":"open","sticky":false,"template":"","format":"standard","meta":{"footnotes":""},"categories":[6],"tags":[153,219,4303,20061,302,20062],"class_list":["post-46477","post","type-post","status-publish","format-standard","hentry","category-denuncias","tag-cordoba","tag-facebook","tag-fotografo","tag-juan-marcelo-caceres","tag-perro","tag-villa-allende"],"_links":{"self":[{"href":"https:\/\/www.elsindical.com.ar\/notas\/wp-json\/wp\/v2\/posts\/46477","targetHints":{"allow":["GET"]}}],"collection":[{"href":"https:\/\/www.elsindical.com.ar\/notas\/wp-json\/wp\/v2\/posts"}],"about":[{"href":"https:\/\/www.elsindical.com.ar\/notas\/wp-json\/wp\/v2\/types\/post"}],"author":[{"embeddable":true,"href":"https:\/\/www.elsindical.com.ar\/notas\/wp-json\/wp\/v2\/users\/1"}],"replies":[{"embeddable":true,"href":"https:\/\/www.elsindical.com.ar\/notas\/wp-json\/wp\/v2\/comments?post=46477"}],"version-history":[{"count":1,"href":"https:\/\/www.elsindical.com.ar\/notas\/wp-json\/wp\/v2\/posts\/46477\/revisions"}],"predecessor-version":[{"id":46480,"href":"https:\/\/www.elsindical.com.ar\/notas\/wp-json\/wp\/v2\/posts\/46477\/revisions\/46480"}],"wp:attachment":[{"href":"https:\/\/www.elsindical.com.ar\/notas\/wp-json\/wp\/v2\/media?parent=46477"}],"wp:term":[{"taxonomy":"category","embeddable":true,"href":"https:\/\/www.elsindical.com.ar\/notas\/wp-json\/wp\/v2\/categories?post=46477"},{"taxonomy":"post_tag","embeddable":true,"href":"https:\/\/www.elsindical.com.ar\/notas\/wp-json\/wp\/v2\/tags?post=46477"}],"curies":[{"name":"wp","href":"https:\/\/api.w.org\/{rel}","templated":true}]}}