{"id":46431,"date":"2014-10-20T05:19:53","date_gmt":"2014-10-20T08:19:53","guid":{"rendered":"http:\/\/www.elsindical.com.ar\/notas\/?p=46431"},"modified":"2014-10-20T05:19:53","modified_gmt":"2014-10-20T08:19:53","slug":"espanasecuestran-380-kilos-de-cocaina-oculta-en-marmol-que-provenia-de-argentina","status":"publish","type":"post","link":"https:\/\/www.elsindical.com.ar\/notas\/espanasecuestran-380-kilos-de-cocaina-oculta-en-marmol-que-provenia-de-argentina\/","title":{"rendered":"Espa\u00f1a:Secuestran 380 kilos de coca\u00edna oculta en m\u00e1rmol que proven\u00eda de Argentina"},"content":{"rendered":"<p><em><a href=\"http:\/\/www.elsindical.com.ar\/notas\/var\/www\/html\/notas\/wp-content\/uploads\/2014\/10\/m\u00e1rmol-y-coca\u00edna.jpg\"><img loading=\"lazy\" decoding=\"async\" class=\"alignnone size-medium wp-image-46432\" src=\"http:\/\/www.elsindical.com.ar\/notas\/var\/www\/html\/notas\/wp-content\/uploads\/2014\/10\/m\u00e1rmol-y-coca\u00edna-300x265.jpg\" alt=\"m\u00e1rmol-y-coca\u00edna\" width=\"300\" height=\"265\" srcset=\"https:\/\/www.elsindical.com.ar\/notas\/var\/www\/html\/notas\/wp-content\/uploads\/2014\/10\/m\u00e1rmol-y-coca\u00edna-300x265.jpg 300w, https:\/\/www.elsindical.com.ar\/notas\/var\/www\/html\/notas\/wp-content\/uploads\/2014\/10\/m\u00e1rmol-y-coca\u00edna-338x300.jpg 338w, https:\/\/www.elsindical.com.ar\/notas\/var\/www\/html\/notas\/wp-content\/uploads\/2014\/10\/m\u00e1rmol-y-coca\u00edna.jpg 531w\" sizes=\"auto, (max-width: 300px) 100vw, 300px\" \/><\/a>La Guardia Civil espa\u00f1ola secuestr\u00f3 un cargamento de 380 kilos de coca\u00edna proveniente de Buenos Aires oculto entre baldosones de m\u00e1rmol travertino. <\/em><\/p>\n<p>La carga, valuada en 15 millones de euros, fue oculta dentro de este material para evitar ser detectado por los esc\u00e1neres aduaneros. As\u00ed, logr\u00f3 burlar la seguridad en el puerto de Buenos Aires y en Valencia.<\/p>\n<p>Los efectivos espa\u00f1oles no anunciaron el secuestro y utilizaron la entrega de la droga para detener a otros cinco integrantes de la banda.<\/p>\n<p>La justicia argentina ya dict\u00f3 el procesamiento por el delito de contrabando agravado de estupefacientes de tres integrantes de United Stone SA, firma con sede en Trelew, Chubut, y que se precia de haber participado en las tareas de refacci\u00f3n de la Casa Rosada y la Bas\u00edlica de Luj\u00e1n.<\/p>\n<p>Tambi\u00e9n fueron procesados por el juez Galv\u00e1n Greenway dos empleados de la Aduana que, por su presunta negligencia, permitieron que 380 kilos de coca\u00edna pasaran por el puerto, aun cuando el contenedor pas\u00f3 por el \u00abcanal rojo\u00bb, sometido a un esc\u00e1ner y revisado por perros antidroga.<\/p>\n","protected":false},"excerpt":{"rendered":"<p>La Guardia Civil espa\u00f1ola secuestr\u00f3 un cargamento de 380 kilos de coca\u00edna proveniente de Buenos Aires oculto entre baldosones de m\u00e1rmol travertino. La carga, valuada en 15 millones de euros, fue oculta dentro de este material para evitar ser detectado por los esc\u00e1neres aduaneros. As\u00ed, logr\u00f3 burlar la seguridad en el puerto de Buenos Aires&hellip;<\/p>\n","protected":false},"author":1,"featured_media":0,"comment_status":"open","ping_status":"open","sticky":false,"template":"","format":"standard","meta":{"footnotes":""},"categories":[22],"tags":[154,979,43,267,18625,975,20047],"class_list":["post-46431","post","type-post","status-publish","format-standard","hentry","category-policiales","tag-buenos-aires","tag-casa-rosada","tag-cocaina","tag-espana","tag-guardia-civil","tag-marmol","tag-united-stone-s-a"],"_links":{"self":[{"href":"https:\/\/www.elsindical.com.ar\/notas\/wp-json\/wp\/v2\/posts\/46431","targetHints":{"allow":["GET"]}}],"collection":[{"href":"https:\/\/www.elsindical.com.ar\/notas\/wp-json\/wp\/v2\/posts"}],"about":[{"href":"https:\/\/www.elsindical.com.ar\/notas\/wp-json\/wp\/v2\/types\/post"}],"author":[{"embeddable":true,"href":"https:\/\/www.elsindical.com.ar\/notas\/wp-json\/wp\/v2\/users\/1"}],"replies":[{"embeddable":true,"href":"https:\/\/www.elsindical.com.ar\/notas\/wp-json\/wp\/v2\/comments?post=46431"}],"version-history":[{"count":1,"href":"https:\/\/www.elsindical.com.ar\/notas\/wp-json\/wp\/v2\/posts\/46431\/revisions"}],"predecessor-version":[{"id":46433,"href":"https:\/\/www.elsindical.com.ar\/notas\/wp-json\/wp\/v2\/posts\/46431\/revisions\/46433"}],"wp:attachment":[{"href":"https:\/\/www.elsindical.com.ar\/notas\/wp-json\/wp\/v2\/media?parent=46431"}],"wp:term":[{"taxonomy":"category","embeddable":true,"href":"https:\/\/www.elsindical.com.ar\/notas\/wp-json\/wp\/v2\/categories?post=46431"},{"taxonomy":"post_tag","embeddable":true,"href":"https:\/\/www.elsindical.com.ar\/notas\/wp-json\/wp\/v2\/tags?post=46431"}],"curies":[{"name":"wp","href":"https:\/\/api.w.org\/{rel}","templated":true}]}}