{"id":46428,"date":"2014-10-20T05:05:06","date_gmt":"2014-10-20T08:05:06","guid":{"rendered":"http:\/\/www.elsindical.com.ar\/notas\/?p=46428"},"modified":"2014-10-20T05:05:06","modified_gmt":"2014-10-20T08:05:06","slug":"nunezacusan-por-dano-agravado-a-los-estudiantes-que-destrozaron-un-sector-de-un-parque-paseo-de-las-americas","status":"publish","type":"post","link":"https:\/\/www.elsindical.com.ar\/notas\/nunezacusan-por-dano-agravado-a-los-estudiantes-que-destrozaron-un-sector-de-un-parque-paseo-de-las-americas\/","title":{"rendered":"N\u00fa\u00f1ez:Acusan por \u00abda\u00f1o agravado\u00bb a los estudiantes que destrozaron un sector de un parque Paseo de las Am\u00e9ricas"},"content":{"rendered":"<p><em><a href=\"http:\/\/www.elsindical.com.ar\/notas\/var\/www\/html\/notas\/wp-content\/uploads\/2014\/10\/destrozos-Parque-porte\u00f1o.jpg\"><img loading=\"lazy\" decoding=\"async\" class=\"alignnone size-medium wp-image-46429\" src=\"http:\/\/www.elsindical.com.ar\/notas\/var\/www\/html\/notas\/wp-content\/uploads\/2014\/10\/destrozos-Parque-porte\u00f1o-300x168.jpg\" alt=\"destrozos-Parque-porte\u00f1o\" width=\"300\" height=\"168\" srcset=\"https:\/\/www.elsindical.com.ar\/notas\/var\/www\/html\/notas\/wp-content\/uploads\/2014\/10\/destrozos-Parque-porte\u00f1o-300x168.jpg 300w, https:\/\/www.elsindical.com.ar\/notas\/var\/www\/html\/notas\/wp-content\/uploads\/2014\/10\/destrozos-Parque-porte\u00f1o-500x281.jpg 500w, https:\/\/www.elsindical.com.ar\/notas\/var\/www\/html\/notas\/wp-content\/uploads\/2014\/10\/destrozos-Parque-porte\u00f1o.jpg 531w\" sizes=\"auto, (max-width: 300px) 100vw, 300px\" \/><\/a>La Fiscal\u00eda de la Ciudad inici\u00f3 una causa judicial contra los alumnos del liceo franc\u00e9s que el viernes destrozaron un sector del parque Paseo de las Am\u00e9ricas, en N\u00fa\u00f1ez, para festejar con barro el fin del ciclo secundario.<\/em><\/p>\n<div>Adem\u00e1s, cit\u00f3 para hoy a preceptores y autoridades del liceo franco argentino Jean Mermoz, ubicado en Ramsay 2131, en la zona del bajo de ese barrio de la zona norte de la ciudad.<\/div>\n<div><\/div>\n<div>El Fiscal general Mart\u00edn Ocampo asegur\u00f3 que \u00abla investigaci\u00f3n va agotar todas las instancias\u00bb porque, dijo, \u00abla Ley en t\u00e9rminos del cuidado del espacio p\u00fablico es clara y nuestra funci\u00f3n es asegurar que se cumpla\u00bb.<\/div>\n<div><\/div>\n<div>En ese marco, la fiscal\u00eda inform\u00f3 que la fiscal subrogante Silvina Rivarola instruy\u00f3 a la comisar\u00eda 23 que inicie actuaciones de oficio por \u00abda\u00f1o agravado\u00bb y colectara las filmaciones de los canales de TV que difundieron el viernes los momentos en que fue cavado el pozo y cuando los adolescentes jugaban en el lugar ante la mirada de un preceptor.<\/div>\n<div><\/div>\n<div>Asimismo, la Fiscal que subroga la fiscal\u00eda 2 de la Unidad Norte de la Ciudad pidi\u00f3 identificar a todos los alumnos de quinto a\u00f1o, al preceptor y citar al director del liceo para que ma\u00f1ana se presente en la fiscal\u00eda a declarar en calidad de testigo.<\/div>\n<div><\/div>\n<div>La fiscal\u00eda indic\u00f3 tambi\u00e9n que los datos que surjan de las redes sociales deber\u00e1n ser preservados por la Divisi\u00f3n de Cibercrimen de la Polic\u00eda Metropolitana.<\/div>\n<div><\/div>\n<div>Los estudiantes cavaron un pozo en una plaza p\u00fablica entre el jueves por la noche y el viernes, lo llenaron de agua y jugaron en el barro para continuar una aparente tradici\u00f3n que lleva veinte a\u00f1os en el barrio para festejar el final del secundario de ese colegio que tiene campus propio y participa de actividades educativas con la UNESCO.<\/div>\n<div><\/div>\n<div>La plaza da\u00f1ada se encuentra entre las avenidas Figueroa Alcorta y Monroe.<\/div>\n<div><\/div>\n<div>Los destrozos del viernes fueron denunciados por vecinos del barrio que suelen descansar en esa plaza y que advirtieron por las redes sociales a los medios de comunicaci\u00f3n para respaldar las advertencias que hab\u00edan realizado ante la Polic\u00eda.<\/div>\n<div><\/div>\n<div>Uno de los preceptores de los estudiantes que est\u00e1n a punto de terminar su colegio secundario justific\u00f3 los destrozos al se\u00f1alar que los da\u00f1os sol\u00edan ser subsanados por \u00abla instituci\u00f3n con el pago de una multa\u00bb a la Ciudad.<\/div>\n<div><\/div>\n<div>Incluso, los estudiantes que por su edad ya pueden votar justificaron el cavado en un paseo p\u00fablico al sostener que era \u00abuna tradici\u00f3n de m\u00e1s de 20 a\u00f1os\u00bb en el colegio.<\/div>\n<div><\/div>\n<div>Sin embargo, el gobierno porte\u00f1o manifest\u00f3 que se trataba de un mero \u00abacto de vandalismo\u00bb.<\/div>\n<div><\/div>\n<div>Funcionarios de la Ciudad advirtieron que pedir\u00e1n a las autoridades del exclusivo colegio que asuman \u00ablos costos para reparar los da\u00f1os\u00bb.<\/div>\n","protected":false},"excerpt":{"rendered":"<p>La Fiscal\u00eda de la Ciudad inici\u00f3 una causa judicial contra los alumnos del liceo franc\u00e9s que el viernes destrozaron un sector del parque Paseo de las Am\u00e9ricas, en N\u00fa\u00f1ez, para festejar con barro el fin del ciclo secundario. Adem\u00e1s, cit\u00f3 para hoy a preceptores y autoridades del liceo franco argentino Jean Mermoz, ubicado en Ramsay&hellip;<\/p>\n","protected":false},"author":1,"featured_media":0,"comment_status":"open","ping_status":"open","sticky":false,"template":"","format":"standard","meta":{"footnotes":""},"categories":[20],"tags":[16681,20043,20044,20045,1210,964,20046],"class_list":["post-46428","post","type-post","status-publish","format-standard","hentry","category-judiciales","tag-comisaria-23","tag-fiscal-general-martin-ocampo","tag-fiscal-silvina-rivarola","tag-fiscalia-no-2","tag-nunez","tag-policia-metropolitana","tag-unesco"],"_links":{"self":[{"href":"https:\/\/www.elsindical.com.ar\/notas\/wp-json\/wp\/v2\/posts\/46428","targetHints":{"allow":["GET"]}}],"collection":[{"href":"https:\/\/www.elsindical.com.ar\/notas\/wp-json\/wp\/v2\/posts"}],"about":[{"href":"https:\/\/www.elsindical.com.ar\/notas\/wp-json\/wp\/v2\/types\/post"}],"author":[{"embeddable":true,"href":"https:\/\/www.elsindical.com.ar\/notas\/wp-json\/wp\/v2\/users\/1"}],"replies":[{"embeddable":true,"href":"https:\/\/www.elsindical.com.ar\/notas\/wp-json\/wp\/v2\/comments?post=46428"}],"version-history":[{"count":1,"href":"https:\/\/www.elsindical.com.ar\/notas\/wp-json\/wp\/v2\/posts\/46428\/revisions"}],"predecessor-version":[{"id":46430,"href":"https:\/\/www.elsindical.com.ar\/notas\/wp-json\/wp\/v2\/posts\/46428\/revisions\/46430"}],"wp:attachment":[{"href":"https:\/\/www.elsindical.com.ar\/notas\/wp-json\/wp\/v2\/media?parent=46428"}],"wp:term":[{"taxonomy":"category","embeddable":true,"href":"https:\/\/www.elsindical.com.ar\/notas\/wp-json\/wp\/v2\/categories?post=46428"},{"taxonomy":"post_tag","embeddable":true,"href":"https:\/\/www.elsindical.com.ar\/notas\/wp-json\/wp\/v2\/tags?post=46428"}],"curies":[{"name":"wp","href":"https:\/\/api.w.org\/{rel}","templated":true}]}}