{"id":46426,"date":"2014-10-20T04:56:27","date_gmt":"2014-10-20T07:56:27","guid":{"rendered":"http:\/\/www.elsindical.com.ar\/notas\/?p=46426"},"modified":"2014-10-20T04:56:27","modified_gmt":"2014-10-20T07:56:27","slug":"faa-deentre-rio-reclamo-a-urribarri-antender-la-crisis-del-pequeno-y-mediano-productor","status":"publish","type":"post","link":"https:\/\/www.elsindical.com.ar\/notas\/faa-deentre-rio-reclamo-a-urribarri-antender-la-crisis-del-pequeno-y-mediano-productor\/","title":{"rendered":"FAA deEntre R\u00edo reclam\u00f3 a Urribarri antender la crisis del peque\u00f1o y mediano productor"},"content":{"rendered":"<p id=\"yui_3_16_0_1_1413791516310_6131\" class=\"yiv3015428628MsoNormal\"><span id=\"yui_3_16_0_1_1413791516310_6130\"><a href=\"http:\/\/www.elsindical.com.ar\/notas\/var\/www\/html\/notas\/wp-content\/uploads\/2014\/08\/urribarri-telefono.jpg\"><img loading=\"lazy\" decoding=\"async\" class=\"alignnone size-medium wp-image-44858\" src=\"http:\/\/www.elsindical.com.ar\/notas\/var\/www\/html\/notas\/wp-content\/uploads\/2014\/08\/urribarri-telefono-300x200.jpg\" alt=\"urribarri-telefono\" width=\"300\" height=\"200\" srcset=\"https:\/\/www.elsindical.com.ar\/notas\/var\/www\/html\/notas\/wp-content\/uploads\/2014\/08\/urribarri-telefono-300x200.jpg 300w, https:\/\/www.elsindical.com.ar\/notas\/var\/www\/html\/notas\/wp-content\/uploads\/2014\/08\/urribarri-telefono-449x300.jpg 449w, https:\/\/www.elsindical.com.ar\/notas\/var\/www\/html\/notas\/wp-content\/uploads\/2014\/08\/urribarri-telefono.jpg 502w\" sizes=\"auto, (max-width: 300px) 100vw, 300px\" \/><\/a>Dirigentes agropecuarios de la Federaci\u00f3n Agraria de Entre R\u00edos reclamaron\u00a0al gobernador de Entre R\u00edos, Sergio Urribarri, medidas que ayuden a disminuir la crisis que sufre el peque\u00f1o y mediano productor en la provincia. \u00abEl Gobierno debe recuperar la rentabilidad del sector, con una segmentaci\u00f3n en las retenciones, con financiamiento para la presente cosecha, para productores y cooperativas, con pol\u00edticas p\u00fablicas que segmenten los impuestos provinciales para apoyar las econom\u00edas regionales\u00bb, explic\u00f3 Elvio Gu\u00eda, director de la FAA Entre R\u00edos, quien entreg\u00f3 el petitorio en la Jefatura de Gabinete.<\/span><\/p>\n<p id=\"yui_3_16_0_1_1413791516310_6133\" class=\"yiv3015428628MsoNormal\"><span id=\"yui_3_16_0_1_1413791516310_6132\">El petitorio fue recibido por el jefe de Gabinete de Ministros de la provincia, Hugo Ballay, y en el mismo la Federaci\u00f3n alert\u00f3 sobre la crisis que sufre el peque\u00f1o y mediano productor entrerriano, ya que \u00abcon el correr del tiempo se han ido profundizando los problemas econ\u00f3micos, el productor se ha ido endeudando y a los problemas internos de aumento de la presi\u00f3n fiscal, como el aumento de costos, en especial del gasoil, se suma una ca\u00edda en los valores internacionales de granos\u00bb, sostiene el petitorio.<\/span><\/p>\n<p id=\"yui_3_16_0_1_1413791516310_6135\" class=\"yiv3015428628MsoNormal\"><span id=\"yui_3_16_0_1_1413791516310_6134\">Al respecto, el dirigente que integra la lista Unidad Federada, Ricardo Garzia, afirm\u00f3 que<\/span> \u00aben este marco todas las producciones agr\u00edcolas tienen resultados negativos para los rendimientos promedios\u00bb, y asegur\u00f3: \u00abel futuro de numerosos productores est\u00e1 comprometido, si no hay respuestas concretas, muchas familias quedaran en el camino, como ya lo vivimos en sector con los consecuentes problemas sociales y econ\u00f3micos para la provincia\u00bb.<\/p>\n<p id=\"yui_3_16_0_1_1413791516310_6137\" class=\"yiv3015428628MsoNormal\"><span id=\"yui_3_16_0_1_1413791516310_6136\">\u00abEl Gobierno nacional y provincial es el responsable de dar las respuestas y de que la estructura agraria de la provincia de Entre R\u00edos se mantenga como la conocemos hasta el presente\u00bb, sostuvo Garzia y agreg\u00f3 que \u00abno tiene sentido reclamar en frente de los bancos por financiamiento, necesitamos recuperar rentabilidad y eso depende de una decisi\u00f3n pol\u00edtica de los gobiernos provinciales y nacionales, por eso vinimos a la Gobernaci\u00f3n a traer este petitorio\u00bb, concluy\u00f3\u00a0 el dirigente, refiri\u00e9ndose al presidente de la FAA, Eduardo Buzzi, por los tractorazos frente al Banco Naci\u00f3n.<\/span><\/p>\n<p id=\"yui_3_16_0_1_1413791516310_6139\" class=\"yiv3015428628MsoNormal\"><span id=\"yui_3_16_0_1_1413791516310_6138\">\u00abDesde Unidad Federada desarrollaremos reuniones y asambleas de productores en los pr\u00f3ximos d\u00edas para determinar las acciones en cada zona del pa\u00eds para afrontar las problem\u00e1ticas que hoy viven los peque\u00f1os y medianos productores\u00bb, agreg\u00f3 Pablo Orsolini, candidato a presidente por Unidad Federada.<\/span><\/p>\n","protected":false},"excerpt":{"rendered":"<p>Dirigentes agropecuarios de la Federaci\u00f3n Agraria de Entre R\u00edos reclamaron\u00a0al gobernador de Entre R\u00edos, Sergio Urribarri, medidas que ayuden a disminuir la crisis que sufre el peque\u00f1o y mediano productor en la provincia. \u00abEl Gobierno debe recuperar la rentabilidad del sector, con una segmentaci\u00f3n en las retenciones, con financiamiento para la presente cosecha, para productores&hellip;<\/p>\n","protected":false},"author":1,"featured_media":0,"comment_status":"open","ping_status":"open","sticky":false,"template":"","format":"standard","meta":{"footnotes":""},"categories":[28],"tags":[1386,20042,8803,18670],"class_list":["post-46426","post","type-post","status-publish","format-standard","hentry","category-empresariales","tag-entre-rios","tag-faa","tag-productores","tag-sergio-urribarri"],"_links":{"self":[{"href":"https:\/\/www.elsindical.com.ar\/notas\/wp-json\/wp\/v2\/posts\/46426","targetHints":{"allow":["GET"]}}],"collection":[{"href":"https:\/\/www.elsindical.com.ar\/notas\/wp-json\/wp\/v2\/posts"}],"about":[{"href":"https:\/\/www.elsindical.com.ar\/notas\/wp-json\/wp\/v2\/types\/post"}],"author":[{"embeddable":true,"href":"https:\/\/www.elsindical.com.ar\/notas\/wp-json\/wp\/v2\/users\/1"}],"replies":[{"embeddable":true,"href":"https:\/\/www.elsindical.com.ar\/notas\/wp-json\/wp\/v2\/comments?post=46426"}],"version-history":[{"count":1,"href":"https:\/\/www.elsindical.com.ar\/notas\/wp-json\/wp\/v2\/posts\/46426\/revisions"}],"predecessor-version":[{"id":46427,"href":"https:\/\/www.elsindical.com.ar\/notas\/wp-json\/wp\/v2\/posts\/46426\/revisions\/46427"}],"wp:attachment":[{"href":"https:\/\/www.elsindical.com.ar\/notas\/wp-json\/wp\/v2\/media?parent=46426"}],"wp:term":[{"taxonomy":"category","embeddable":true,"href":"https:\/\/www.elsindical.com.ar\/notas\/wp-json\/wp\/v2\/categories?post=46426"},{"taxonomy":"post_tag","embeddable":true,"href":"https:\/\/www.elsindical.com.ar\/notas\/wp-json\/wp\/v2\/tags?post=46426"}],"curies":[{"name":"wp","href":"https:\/\/api.w.org\/{rel}","templated":true}]}}