{"id":46389,"date":"2014-10-18T21:17:17","date_gmt":"2014-10-19T00:17:17","guid":{"rendered":"http:\/\/www.elsindical.com.ar\/notas\/?p=46389"},"modified":"2014-10-18T21:17:17","modified_gmt":"2014-10-19T00:17:17","slug":"las-tarifas-de-agua-en-provincia-podrian-sufrir-un-aumento","status":"publish","type":"post","link":"https:\/\/www.elsindical.com.ar\/notas\/las-tarifas-de-agua-en-provincia-podrian-sufrir-un-aumento\/","title":{"rendered":"Las tarifas de agua en Provincia podr\u00edan sufrir un aumento"},"content":{"rendered":"<p><em><a href=\"http:\/\/www.elsindical.com.ar\/notas\/var\/www\/html\/notas\/wp-content\/uploads\/2014\/10\/agua-potable.jpg\"><img loading=\"lazy\" decoding=\"async\" class=\"alignnone size-medium wp-image-45921\" src=\"http:\/\/www.elsindical.com.ar\/notas\/var\/www\/html\/notas\/wp-content\/uploads\/2014\/10\/agua-potable-300x300.jpg\" alt=\"agua-potable\" width=\"300\" height=\"300\" srcset=\"https:\/\/www.elsindical.com.ar\/notas\/var\/www\/html\/notas\/wp-content\/uploads\/2014\/10\/agua-potable-300x300.jpg 300w, https:\/\/www.elsindical.com.ar\/notas\/var\/www\/html\/notas\/wp-content\/uploads\/2014\/10\/agua-potable-150x150.jpg 150w, https:\/\/www.elsindical.com.ar\/notas\/var\/www\/html\/notas\/wp-content\/uploads\/2014\/10\/agua-potable.jpg 325w\" sizes=\"auto, (max-width: 300px) 100vw, 300px\" \/><\/a>Lo confirm\u00f3 el Secretario de Servicios P\u00fablicos bonaerense, Franco La Porta, sobre la compa\u00f1\u00eda Aguas Bonaerenses S.A. (ABSA).<\/em><\/p>\n<p>La Porta aclar\u00f3 que \u00abno va a ser todo el que la empresa ha planteado\u00bb. \u00abDespu\u00e9s de las audiencias p\u00fablicas estamos evaluando el porcentaje de aumento que le vamos a otorgar a la empresa, que no va a ser para nada todo el requerimiento que la empresa ha planteado\u00bb, se\u00f1al\u00f3 el funcionario.<\/p>\n<p>\u201cLa empresa plantea una necesidad en funci\u00f3n de variaci\u00f3n de los costos y los insumos de la materia salarial y tambi\u00e9n de un programa de inversiones para la mejora del servicio\u201d, agreg\u00f3 el funcionario bonaerense sobre el 46% de incremento tarifario pedido por la empresa estatal.<\/p>\n<p>En di\u00e1logo con FM Keops, dijo que \u00abparte de esto ya lo ha concebido. Nosotros hemos considerado que lo ha percibido en funci\u00f3n de las correcciones de las variaciones fiscales; a partir de ah\u00ed la gente ha pagado m\u00e1s el servicio\u00bb.<\/p>\n<p>As\u00ed mismo, recalc\u00f3 que \u00abABSA ya ha recibido una parte de los ingresos, la otra parte que le falta para completar el desbalance del crecimiento de los costos, la materia salarial y el gobernador (Daniel Scioli) ha pedido que se revea con mucha atenci\u00f3n todo el programa de obras y de modificaciones de la capacidad instalada\u00bb.<\/p>\n<p>\u00abMe refiero a incremento de pozos para aumentar la presi\u00f3n, plantas de abatimiento de ars\u00e9nico y nitrato para mejorar la calidad, recambio de ca\u00f1er\u00edas o mejoras de las plantas potabilizadoras\u00bb, dijo.<\/p>\n<p>La Porta sostuvo que \u00abese plan de obras tiene que ser el elemento vinculante que justifique en gran parte la posibilidad del aumento que se le otorgue, que de ninguna manera va a ser lo que se reflej\u00f3 en los medios, que no es m\u00e1s ni menos lo que la empresa ha pedido\u00bb.<\/p>\n<p>\u00abPor una decisi\u00f3n pol\u00edtica nosotros ya hemos considerado que parte de eso lo ha recibido y que la otra parte tiene que estar absolutamente vinculada con lo que estoy diciendo\u00bb, concluy\u00f3.<\/p>\n<p>ABSA pretende imponer un aumento del 46% en sus tarifas, lo que afectar\u00e1 a cerca de un mill\u00f3n de usuarios en las 91 localidades en las que presta el servicio.<\/p>\n","protected":false},"excerpt":{"rendered":"<p>Lo confirm\u00f3 el Secretario de Servicios P\u00fablicos bonaerense, Franco La Porta, sobre la compa\u00f1\u00eda Aguas Bonaerenses S.A. (ABSA). La Porta aclar\u00f3 que \u00abno va a ser todo el que la empresa ha planteado\u00bb. \u00abDespu\u00e9s de las audiencias p\u00fablicas estamos evaluando el porcentaje de aumento que le vamos a otorgar a la empresa, que no va&hellip;<\/p>\n","protected":false},"author":1,"featured_media":0,"comment_status":"open","ping_status":"open","sticky":false,"template":"","format":"standard","meta":{"footnotes":""},"categories":[9],"tags":[20032,1923,357,20031],"class_list":["post-46389","post","type-post","status-publish","format-standard","hentry","category-economia","tag-absa","tag-agua","tag-aumento","tag-franco-la-porta"],"_links":{"self":[{"href":"https:\/\/www.elsindical.com.ar\/notas\/wp-json\/wp\/v2\/posts\/46389","targetHints":{"allow":["GET"]}}],"collection":[{"href":"https:\/\/www.elsindical.com.ar\/notas\/wp-json\/wp\/v2\/posts"}],"about":[{"href":"https:\/\/www.elsindical.com.ar\/notas\/wp-json\/wp\/v2\/types\/post"}],"author":[{"embeddable":true,"href":"https:\/\/www.elsindical.com.ar\/notas\/wp-json\/wp\/v2\/users\/1"}],"replies":[{"embeddable":true,"href":"https:\/\/www.elsindical.com.ar\/notas\/wp-json\/wp\/v2\/comments?post=46389"}],"version-history":[{"count":1,"href":"https:\/\/www.elsindical.com.ar\/notas\/wp-json\/wp\/v2\/posts\/46389\/revisions"}],"predecessor-version":[{"id":46390,"href":"https:\/\/www.elsindical.com.ar\/notas\/wp-json\/wp\/v2\/posts\/46389\/revisions\/46390"}],"wp:attachment":[{"href":"https:\/\/www.elsindical.com.ar\/notas\/wp-json\/wp\/v2\/media?parent=46389"}],"wp:term":[{"taxonomy":"category","embeddable":true,"href":"https:\/\/www.elsindical.com.ar\/notas\/wp-json\/wp\/v2\/categories?post=46389"},{"taxonomy":"post_tag","embeddable":true,"href":"https:\/\/www.elsindical.com.ar\/notas\/wp-json\/wp\/v2\/tags?post=46389"}],"curies":[{"name":"wp","href":"https:\/\/api.w.org\/{rel}","templated":true}]}}