{"id":46383,"date":"2014-10-18T20:38:54","date_gmt":"2014-10-18T23:38:54","guid":{"rendered":"http:\/\/www.elsindical.com.ar\/notas\/?p=46383"},"modified":"2014-10-18T20:38:54","modified_gmt":"2014-10-18T23:38:54","slug":"alarma-por-la-desaparicion-de-un-empresario-en-zona-norte","status":"publish","type":"post","link":"https:\/\/www.elsindical.com.ar\/notas\/alarma-por-la-desaparicion-de-un-empresario-en-zona-norte\/","title":{"rendered":"Alarma por la desaparici\u00f3n de un empresario en Zona Norte"},"content":{"rendered":"<p class=\"p1 newDetailTextChange\"><em><a href=\"http:\/\/www.elsindical.com.ar\/notas\/var\/www\/html\/notas\/wp-content\/uploads\/2014\/10\/Dami\u00e1n-Stefanini.jpg\"><img loading=\"lazy\" decoding=\"async\" class=\"alignnone size-medium wp-image-46384\" src=\"http:\/\/www.elsindical.com.ar\/notas\/var\/www\/html\/notas\/wp-content\/uploads\/2014\/10\/Dami\u00e1n-Stefanini-300x170.jpg\" alt=\"Dami\u00e1n-Stefanini\" width=\"300\" height=\"170\" srcset=\"https:\/\/www.elsindical.com.ar\/notas\/var\/www\/html\/notas\/wp-content\/uploads\/2014\/10\/Dami\u00e1n-Stefanini-300x170.jpg 300w, https:\/\/www.elsindical.com.ar\/notas\/var\/www\/html\/notas\/wp-content\/uploads\/2014\/10\/Dami\u00e1n-Stefanini-500x284.jpg 500w, https:\/\/www.elsindical.com.ar\/notas\/var\/www\/html\/notas\/wp-content\/uploads\/2014\/10\/Dami\u00e1n-Stefanini.jpg 531w\" sizes=\"auto, (max-width: 300px) 100vw, 300px\" \/><\/a>Dami\u00e1n Stefanini, de 45 a\u00f1os, sali\u00f3 ayer a la ma\u00f1ana de su casa y no volvi\u00f3 a comunicarse con su familia.<\/em><\/p>\n<p class=\"p1 newDetailTextChange\">La Polic\u00eda buscaba al empresario <b>Dami\u00e1n Stefanini<\/b>, de la localidad bonaerense de San Fernando, <b>que permanec\u00eda desaparecido desde este viernes a la ma\u00f1ana.<\/b><\/p>\n<p>Seg\u00fan confirmaron fuentes policiales, el empresario de 45 a\u00f1os, sali\u00f3 ayer de su casa a las 8 en su auto Audi C4 color negro modelo 2006, para su trabajo y no se volvi\u00f3 a comunicar con su familia.<\/p>\n<p>La denuncia de la desaparici\u00f3n fue realizada la noche de este viernes por el hermano del empresario en una comisar\u00eda de Tigre, ya que le parec\u00eda sospechoso que desde las 10 de ayer el hombre no se volvi\u00f3 a comunicar con \u00e9l ni con su familia.<\/p>\n<p><b>Tampoco se pudo constatar que se haya recibido ning\u00fan tipo de llamada extorsiva<\/b>, que de lugar a la sospecha de un secuestro, seg\u00fan indicaron fuentes ligadas a la investigaci\u00f3n.<\/p>\n<p>Al parecer, el auto del empresario fue visto por \u00faltima vez por la zona de Tigre, en el acceso Tigre y la calle Liniers, en la zona norte del Gran Biuenos Aires.<\/p>\n<p>El empresario, que se dedica al rubro de la publicidad y desarrolla su actividad en la zona norte de Buenos Aires, <b>vive con su esposa y una beba de 6 meses. <\/b><\/p>\n<p>La causa est\u00e1 siendo investigada por la<b> Fiscal\u00eda Especializada de Trata de Personas y Delitos Conexos de San Isidro y por personal de la Delegaci\u00f3n Departamental de Investigaciones (DDI) de San Isidro<\/b>, que ya inici\u00f3 una serie de pesquisas en la zona norte del conurbano y en la ciudad de Buenos Aires.<\/p>\n<p>Hasta el momento no se ten\u00eda ninguna informaci\u00f3n sobre el paradero del empresario, ni se hab\u00eda podido localizar el veh\u00edculo en el que se movilizaba, mientras que tampoco trascendi\u00f3 alguna situaci\u00f3n particular que haya podido justificar su desaparici\u00f3n.<\/p>\n<p>Para quien pueda aportar datos sobre el paradero de Stefanini, su familia dio a conocer el n\u00famero de tel\u00e9fono 3794600963.<\/p>\n<p>(Fuente: NA)<\/p>\n","protected":false},"excerpt":{"rendered":"<p>Dami\u00e1n Stefanini, de 45 a\u00f1os, sali\u00f3 ayer a la ma\u00f1ana de su casa y no volvi\u00f3 a comunicarse con su familia. La Polic\u00eda buscaba al empresario Dami\u00e1n Stefanini, de la localidad bonaerense de San Fernando, que permanec\u00eda desaparecido desde este viernes a la ma\u00f1ana. Seg\u00fan confirmaron fuentes policiales, el empresario de 45 a\u00f1os, sali\u00f3 ayer&hellip;<\/p>\n","protected":false},"author":1,"featured_media":0,"comment_status":"open","ping_status":"open","sticky":false,"template":"","format":"standard","meta":{"footnotes":""},"categories":[22],"tags":[20029,2385,944,30,1463,646,4497],"class_list":["post-46383","post","type-post","status-publish","format-standard","hentry","category-policiales","tag-damian-stefanini","tag-desaparecido","tag-empresario","tag-policia","tag-san-fernando","tag-tigre","tag-zona-norte"],"_links":{"self":[{"href":"https:\/\/www.elsindical.com.ar\/notas\/wp-json\/wp\/v2\/posts\/46383","targetHints":{"allow":["GET"]}}],"collection":[{"href":"https:\/\/www.elsindical.com.ar\/notas\/wp-json\/wp\/v2\/posts"}],"about":[{"href":"https:\/\/www.elsindical.com.ar\/notas\/wp-json\/wp\/v2\/types\/post"}],"author":[{"embeddable":true,"href":"https:\/\/www.elsindical.com.ar\/notas\/wp-json\/wp\/v2\/users\/1"}],"replies":[{"embeddable":true,"href":"https:\/\/www.elsindical.com.ar\/notas\/wp-json\/wp\/v2\/comments?post=46383"}],"version-history":[{"count":1,"href":"https:\/\/www.elsindical.com.ar\/notas\/wp-json\/wp\/v2\/posts\/46383\/revisions"}],"predecessor-version":[{"id":46385,"href":"https:\/\/www.elsindical.com.ar\/notas\/wp-json\/wp\/v2\/posts\/46383\/revisions\/46385"}],"wp:attachment":[{"href":"https:\/\/www.elsindical.com.ar\/notas\/wp-json\/wp\/v2\/media?parent=46383"}],"wp:term":[{"taxonomy":"category","embeddable":true,"href":"https:\/\/www.elsindical.com.ar\/notas\/wp-json\/wp\/v2\/categories?post=46383"},{"taxonomy":"post_tag","embeddable":true,"href":"https:\/\/www.elsindical.com.ar\/notas\/wp-json\/wp\/v2\/tags?post=46383"}],"curies":[{"name":"wp","href":"https:\/\/api.w.org\/{rel}","templated":true}]}}