{"id":46375,"date":"2014-10-18T12:15:46","date_gmt":"2014-10-18T15:15:46","guid":{"rendered":"http:\/\/www.elsindical.com.ar\/notas\/?p=46375"},"modified":"2014-10-18T12:15:46","modified_gmt":"2014-10-18T15:15:46","slug":"rechazaron-el-pedido-de-excarcelacion-del-pae-umbanda-cesar-sanchez","status":"publish","type":"post","link":"https:\/\/www.elsindical.com.ar\/notas\/rechazaron-el-pedido-de-excarcelacion-del-pae-umbanda-cesar-sanchez\/","title":{"rendered":"Rechazaron el pedido de excarcelaci\u00f3n del pae umbanda C\u00e9sar S\u00e1nchez"},"content":{"rendered":"<p><em><a href=\"http:\/\/www.elsindical.com.ar\/notas\/var\/www\/html\/notas\/wp-content\/uploads\/2014\/10\/C\u00e9sar-S\u00e1nchez.jpg\"><img loading=\"lazy\" decoding=\"async\" class=\"alignnone size-medium wp-image-46376\" src=\"http:\/\/www.elsindical.com.ar\/notas\/var\/www\/html\/notas\/wp-content\/uploads\/2014\/10\/C\u00e9sar-S\u00e1nchez-300x168.jpg\" alt=\"C\u00e9sar-S\u00e1nchez\" width=\"300\" height=\"168\" srcset=\"https:\/\/www.elsindical.com.ar\/notas\/var\/www\/html\/notas\/wp-content\/uploads\/2014\/10\/C\u00e9sar-S\u00e1nchez-300x168.jpg 300w, https:\/\/www.elsindical.com.ar\/notas\/var\/www\/html\/notas\/wp-content\/uploads\/2014\/10\/C\u00e9sar-S\u00e1nchez-500x281.jpg 500w, https:\/\/www.elsindical.com.ar\/notas\/var\/www\/html\/notas\/wp-content\/uploads\/2014\/10\/C\u00e9sar-S\u00e1nchez.jpg 531w\" sizes=\"auto, (max-width: 300px) 100vw, 300px\" \/><\/a>El Juez de Garant\u00edas Mariano Porto tambi\u00e9n dict\u00f3 la prisi\u00f3n preventiva para dos de los detenidos, \u00abChavito\u00bb y \u00abNarig\u00f3n\u00bb.<\/em><\/p>\n<p>El pae fue se\u00f1alado por la testigo clave Melody como el <b>due\u00f1o del lugar donde tuvo lugar una supuesta fiesta de alcohol<\/b> y drogas y como responsable de haber <b>trasladado el cad\u00e1ver en su auto en una bolsa negra con piedras para arrojarlo al r\u00edo Reconquista<\/b>.<\/p>\n<p>S\u00e1nchez fue detenido el jueves 9 cuando estaba dando una conferencia de prensa. Al pedir su excarcelaci\u00f3n en una reciente audiencia, su abogado se hab\u00eda basado en que el pae \u00abtiene diabetes, toma medicaci\u00f3n cuatro veces al d\u00eda y no puede estar encerrado sin salir a caminar o andar en bicicleta\u00bb. Sin embargo, tras el rechazo el magistrado de San Mart\u00edn, <b>permanecer\u00e1 preso al menos 15 d\u00edas m\u00e1s<\/b>.<\/p>\n<p>En esta causa, adem\u00e1s <b>permanecen detenidos y partir de hoy con prisi\u00f3n preventiva los j\u00f3venes <\/b>Joel Fern\u00e1ndez, conocido como \u00abChavo\u00bb, y El\u00edas Fern\u00e1ndez, a quien se sindica como \u00abEl Narig\u00f3n\u00bb. Ambos est\u00e1n <b>acusados, junto a un menor de 16 a\u00f1os apodado \u00abToto\u00bb, de haber violado y golpeado a Melina Romero<\/b> hasta matarla, y luego haber realizado maniobras para deshacerse del cad\u00e1ver.<\/p>\n<p>Melina Romero desapareci\u00f3 el 23 de octubre luego de haber ido a bailar a un boliche de San Mart\u00edn y casi un mes despu\u00e9s su cuerpo fue encontrado en un predio lindero al r\u00edo.<b> Se investiga si, como dijo la testigo clave, fue atacada sexualmente cuando se quiso ir y luego asesinada a golpes<\/b>.<\/p>\n","protected":false},"excerpt":{"rendered":"<p>El Juez de Garant\u00edas Mariano Porto tambi\u00e9n dict\u00f3 la prisi\u00f3n preventiva para dos de los detenidos, \u00abChavito\u00bb y \u00abNarig\u00f3n\u00bb. El pae fue se\u00f1alado por la testigo clave Melody como el due\u00f1o del lugar donde tuvo lugar una supuesta fiesta de alcohol y drogas y como responsable de haber trasladado el cad\u00e1ver en su auto en&hellip;<\/p>\n","protected":false},"author":1,"featured_media":0,"comment_status":"open","ping_status":"open","sticky":false,"template":"","format":"standard","meta":{"footnotes":""},"categories":[20],"tags":[20023,20022,19655,19911,20024,20025,19910],"class_list":["post-46375","post","type-post","status-publish","format-standard","hentry","category-judiciales","tag-chavito","tag-jez-mariano-porto","tag-melina-romero","tag-melody","tag-narigon","tag-pae-cesar-sanchez","tag-toto"],"_links":{"self":[{"href":"https:\/\/www.elsindical.com.ar\/notas\/wp-json\/wp\/v2\/posts\/46375","targetHints":{"allow":["GET"]}}],"collection":[{"href":"https:\/\/www.elsindical.com.ar\/notas\/wp-json\/wp\/v2\/posts"}],"about":[{"href":"https:\/\/www.elsindical.com.ar\/notas\/wp-json\/wp\/v2\/types\/post"}],"author":[{"embeddable":true,"href":"https:\/\/www.elsindical.com.ar\/notas\/wp-json\/wp\/v2\/users\/1"}],"replies":[{"embeddable":true,"href":"https:\/\/www.elsindical.com.ar\/notas\/wp-json\/wp\/v2\/comments?post=46375"}],"version-history":[{"count":1,"href":"https:\/\/www.elsindical.com.ar\/notas\/wp-json\/wp\/v2\/posts\/46375\/revisions"}],"predecessor-version":[{"id":46377,"href":"https:\/\/www.elsindical.com.ar\/notas\/wp-json\/wp\/v2\/posts\/46375\/revisions\/46377"}],"wp:attachment":[{"href":"https:\/\/www.elsindical.com.ar\/notas\/wp-json\/wp\/v2\/media?parent=46375"}],"wp:term":[{"taxonomy":"category","embeddable":true,"href":"https:\/\/www.elsindical.com.ar\/notas\/wp-json\/wp\/v2\/categories?post=46375"},{"taxonomy":"post_tag","embeddable":true,"href":"https:\/\/www.elsindical.com.ar\/notas\/wp-json\/wp\/v2\/tags?post=46375"}],"curies":[{"name":"wp","href":"https:\/\/api.w.org\/{rel}","templated":true}]}}