{"id":46367,"date":"2014-10-17T13:26:09","date_gmt":"2014-10-17T16:26:09","guid":{"rendered":"http:\/\/www.elsindical.com.ar\/notas\/?p=46367"},"modified":"2014-10-17T13:26:09","modified_gmt":"2014-10-17T16:26:09","slug":"paraguayconmocion-por-el-asesinato-de-un-periodista-que-investigaba-a-narcos","status":"publish","type":"post","link":"https:\/\/www.elsindical.com.ar\/notas\/paraguayconmocion-por-el-asesinato-de-un-periodista-que-investigaba-a-narcos\/","title":{"rendered":"Paraguay:Conmoci\u00f3n por el asesinato de un periodista que investigaba a narcos"},"content":{"rendered":"<p><em><a href=\"http:\/\/www.elsindical.com.ar\/notas\/var\/www\/html\/notas\/wp-content\/uploads\/2014\/10\/Pablo-Medina.jpg\"><img loading=\"lazy\" decoding=\"async\" class=\"alignnone size-medium wp-image-46368\" src=\"http:\/\/www.elsindical.com.ar\/notas\/var\/www\/html\/notas\/wp-content\/uploads\/2014\/10\/Pablo-Medina-300x168.jpg\" alt=\"Pablo-Medina\" width=\"300\" height=\"168\" srcset=\"https:\/\/www.elsindical.com.ar\/notas\/var\/www\/html\/notas\/wp-content\/uploads\/2014\/10\/Pablo-Medina-300x168.jpg 300w, https:\/\/www.elsindical.com.ar\/notas\/var\/www\/html\/notas\/wp-content\/uploads\/2014\/10\/Pablo-Medina-500x281.jpg 500w, https:\/\/www.elsindical.com.ar\/notas\/var\/www\/html\/notas\/wp-content\/uploads\/2014\/10\/Pablo-Medina.jpg 531w\" sizes=\"auto, (max-width: 300px) 100vw, 300px\" \/><\/a>Pablo Medina sufr\u00eda amenazas por investigar la producci\u00f3n de marihuana. \u00c9l y una acompa\u00f1ante murieron tras ser interceptados y acribillados. A su hermano lo mataron en 2001.<\/em><\/p>\n<p>Pablo Medina, corresponsal del diario <i>ABC Color<\/i> en la localidad paraguaya de Curuguaty, se convirti\u00f3 este jueves <b>en el tercer periodista asesinado en el pa\u00eds en lo que va del a\u00f1o,<\/b> tras ser emboscado cuando viajaba en su veh\u00edculo, en el que tambi\u00e9n falleci\u00f3 una mujer que lo acompa\u00f1aba.<\/p>\n<p><b>Dos personas vestidas con ropas de camuflaje <\/b>interceptaron el autom\u00f3vil cuando Medina volv\u00eda de una cobertura en Crescencio Gonz\u00e1lez y abrieron fuego contra \u00e9l, seg\u00fan <b>una tercera mujer que viajaba con ellos<\/b>, quien result\u00f3 ilesa y llam\u00f3 para pedir ayuda a un dirigente campesino, Sixto Portillo.<\/p>\n<p>El diario<i> ABC Color <\/i>dijo que Medina<b> hab\u00eda recibido numerosas amenazas por su trabajo<\/b> como reportero y que debido a ello a principios de este a\u00f1o lo traslad\u00f3 a la zona de Concepci\u00f3n durante varias semanas.<\/p>\n<p>El ministro del Interior, Francisco de Vargas, confirm\u00f3 que Medina era v\u00edctima de \u00abconstantes amenazas\u00bb<b> por sus reportajes sobre la producci\u00f3n de marihuana en la zona.<\/b><\/p>\n<p>&nbsp;<\/p>\n","protected":false},"excerpt":{"rendered":"<p>Pablo Medina sufr\u00eda amenazas por investigar la producci\u00f3n de marihuana. \u00c9l y una acompa\u00f1ante murieron tras ser interceptados y acribillados. A su hermano lo mataron en 2001. Pablo Medina, corresponsal del diario ABC Color en la localidad paraguaya de Curuguaty, se convirti\u00f3 este jueves en el tercer periodista asesinado en el pa\u00eds en lo que&hellip;<\/p>\n","protected":false},"author":1,"featured_media":0,"comment_status":"open","ping_status":"open","sticky":false,"template":"","format":"standard","meta":{"footnotes":""},"categories":[18],"tags":[39,664,650,4032,206],"class_list":["post-46367","post","type-post","status-publish","format-standard","hentry","category-internacionales","tag-asesinado","tag-marihuana","tag-narcos","tag-paraguay","tag-periodista"],"_links":{"self":[{"href":"https:\/\/www.elsindical.com.ar\/notas\/wp-json\/wp\/v2\/posts\/46367","targetHints":{"allow":["GET"]}}],"collection":[{"href":"https:\/\/www.elsindical.com.ar\/notas\/wp-json\/wp\/v2\/posts"}],"about":[{"href":"https:\/\/www.elsindical.com.ar\/notas\/wp-json\/wp\/v2\/types\/post"}],"author":[{"embeddable":true,"href":"https:\/\/www.elsindical.com.ar\/notas\/wp-json\/wp\/v2\/users\/1"}],"replies":[{"embeddable":true,"href":"https:\/\/www.elsindical.com.ar\/notas\/wp-json\/wp\/v2\/comments?post=46367"}],"version-history":[{"count":1,"href":"https:\/\/www.elsindical.com.ar\/notas\/wp-json\/wp\/v2\/posts\/46367\/revisions"}],"predecessor-version":[{"id":46369,"href":"https:\/\/www.elsindical.com.ar\/notas\/wp-json\/wp\/v2\/posts\/46367\/revisions\/46369"}],"wp:attachment":[{"href":"https:\/\/www.elsindical.com.ar\/notas\/wp-json\/wp\/v2\/media?parent=46367"}],"wp:term":[{"taxonomy":"category","embeddable":true,"href":"https:\/\/www.elsindical.com.ar\/notas\/wp-json\/wp\/v2\/categories?post=46367"},{"taxonomy":"post_tag","embeddable":true,"href":"https:\/\/www.elsindical.com.ar\/notas\/wp-json\/wp\/v2\/tags?post=46367"}],"curies":[{"name":"wp","href":"https:\/\/api.w.org\/{rel}","templated":true}]}}