{"id":46359,"date":"2014-10-17T01:00:48","date_gmt":"2014-10-17T04:00:48","guid":{"rendered":"http:\/\/www.elsindical.com.ar\/notas\/?p=46359"},"modified":"2014-10-17T01:00:48","modified_gmt":"2014-10-17T04:00:48","slug":"detuvieron-a-pity-alvarez","status":"publish","type":"post","link":"https:\/\/www.elsindical.com.ar\/notas\/detuvieron-a-pity-alvarez\/","title":{"rendered":"Detuvieron a Pity \u00c1lvarez"},"content":{"rendered":"<p class=\"p1 newDetailTextChange\"><em><a href=\"http:\/\/www.elsindical.com.ar\/notas\/var\/www\/html\/notas\/wp-content\/uploads\/2010\/07\/Pity-\u00c1lvarez.jpg\"><img loading=\"lazy\" decoding=\"async\" class=\"alignnone size-full wp-image-7954\" src=\"http:\/\/www.elsindical.com.ar\/notas\/var\/www\/html\/notas\/wp-content\/uploads\/2010\/07\/Pity-\u00c1lvarez.jpg\" alt=\"Pity-\u00c1lvarez\" width=\"266\" height=\"181\" \/><\/a>El l\u00edder de Viejas Locas fue apresado por efectivos de la Polic\u00eda Metropolitana en el barrio porte\u00f1o de Almagro.<\/em><\/p>\n<p class=\"p1 newDetailTextChange\"><strong>Cristian \u00abPity\u00bb \u00c1lvarez <\/strong>fue <b>detenido <\/b>este jueves por efectivos de la <b>Polic\u00eda Metropolitana<\/b>, en el barrio porte\u00f1o de <b>Almagro<\/b>.<\/p>\n<p>El l\u00edder de<b> Viejas Locas <\/b>fue apresado en <b>Jer\u00f3nimo Salguero<\/b> al 300, por razones que a\u00fan se desconocen.<\/p>\n<p>El abogado del m\u00fasico, <b>Sebasti\u00e1n Queijeiro<\/b>, confirm\u00f3 la noticia, aunque no aport\u00f3 datos al respecto, aludiendo desconocimiento.<\/p>\n<p>La \u00faltima aparici\u00f3n p\u00fablica de <b>Pity <\/b>fue el mi\u00e9rcoles por la noche, cuando fue invitado por la <b>Mona Jim\u00e9nez<\/b> a cantar unas canciones junto a \u00e9l durante el show que el primero dio en el estadio Luna Park.<\/p>\n","protected":false},"excerpt":{"rendered":"<p>El l\u00edder de Viejas Locas fue apresado por efectivos de la Polic\u00eda Metropolitana en el barrio porte\u00f1o de Almagro. Cristian \u00abPity\u00bb \u00c1lvarez fue detenido este jueves por efectivos de la Polic\u00eda Metropolitana, en el barrio porte\u00f1o de Almagro. El l\u00edder de Viejas Locas fue apresado en Jer\u00f3nimo Salguero al 300, por razones que a\u00fan se&hellip;<\/p>\n","protected":false},"author":1,"featured_media":0,"comment_status":"open","ping_status":"open","sticky":false,"template":"","format":"standard","meta":{"footnotes":""},"categories":[15],"tags":[1729,20016,964,20017],"class_list":["post-46359","post","type-post","status-publish","format-standard","hentry","category-espectaculos","tag-almagro","tag-cristian-pity-alvarez","tag-policia-metropolitana","tag-sebastian-quejeiro"],"_links":{"self":[{"href":"https:\/\/www.elsindical.com.ar\/notas\/wp-json\/wp\/v2\/posts\/46359","targetHints":{"allow":["GET"]}}],"collection":[{"href":"https:\/\/www.elsindical.com.ar\/notas\/wp-json\/wp\/v2\/posts"}],"about":[{"href":"https:\/\/www.elsindical.com.ar\/notas\/wp-json\/wp\/v2\/types\/post"}],"author":[{"embeddable":true,"href":"https:\/\/www.elsindical.com.ar\/notas\/wp-json\/wp\/v2\/users\/1"}],"replies":[{"embeddable":true,"href":"https:\/\/www.elsindical.com.ar\/notas\/wp-json\/wp\/v2\/comments?post=46359"}],"version-history":[{"count":1,"href":"https:\/\/www.elsindical.com.ar\/notas\/wp-json\/wp\/v2\/posts\/46359\/revisions"}],"predecessor-version":[{"id":46360,"href":"https:\/\/www.elsindical.com.ar\/notas\/wp-json\/wp\/v2\/posts\/46359\/revisions\/46360"}],"wp:attachment":[{"href":"https:\/\/www.elsindical.com.ar\/notas\/wp-json\/wp\/v2\/media?parent=46359"}],"wp:term":[{"taxonomy":"category","embeddable":true,"href":"https:\/\/www.elsindical.com.ar\/notas\/wp-json\/wp\/v2\/categories?post=46359"},{"taxonomy":"post_tag","embeddable":true,"href":"https:\/\/www.elsindical.com.ar\/notas\/wp-json\/wp\/v2\/tags?post=46359"}],"curies":[{"name":"wp","href":"https:\/\/api.w.org\/{rel}","templated":true}]}}