{"id":46351,"date":"2014-10-16T10:39:22","date_gmt":"2014-10-16T13:39:22","guid":{"rendered":"http:\/\/www.elsindical.com.ar\/notas\/?p=46351"},"modified":"2014-10-16T10:39:22","modified_gmt":"2014-10-16T13:39:22","slug":"el-senador-cacho-alvarez-critico-la-falta-de-experiencia-y-administracion-de-ferraresi","status":"publish","type":"post","link":"https:\/\/www.elsindical.com.ar\/notas\/el-senador-cacho-alvarez-critico-la-falta-de-experiencia-y-administracion-de-ferraresi\/","title":{"rendered":"El senador Cacho \u00c1lvarez critic\u00f3 la falta de experiencia y administraci\u00f3n de Ferraresi"},"content":{"rendered":"<p><a href=\"http:\/\/www.elsindical.com.ar\/notas\/var\/www\/html\/notas\/wp-content\/uploads\/2014\/10\/P1450396.jpg\"><img loading=\"lazy\" decoding=\"async\" class=\"alignnone size-medium wp-image-46355\" src=\"http:\/\/www.elsindical.com.ar\/notas\/var\/www\/html\/notas\/wp-content\/uploads\/2014\/10\/P1450396-300x214.jpg\" alt=\"P1450396\" width=\"300\" height=\"214\" srcset=\"https:\/\/www.elsindical.com.ar\/notas\/var\/www\/html\/notas\/wp-content\/uploads\/2014\/10\/P1450396-300x214.jpg 300w, https:\/\/www.elsindical.com.ar\/notas\/var\/www\/html\/notas\/wp-content\/uploads\/2014\/10\/P1450396-419x300.jpg 419w, https:\/\/www.elsindical.com.ar\/notas\/var\/www\/html\/notas\/wp-content\/uploads\/2014\/10\/P1450396.jpg 531w\" sizes=\"auto, (max-width: 300px) 100vw, 300px\" \/><\/a>Luego de varios a\u00f1os de ausencia p\u00fablica pol\u00edtica, el senador y ex intendente de Avellaneda, Baldomero \u00abCacho\u00bb \u00c1lvarez de Olivera, se reuni\u00f3 con vecinos de Avellaneda, en las instalaciones del \u00a0Polideportivo Uni\u00f3n Solidaria de Trabajadores (UST), de Wilde.<\/p>\n<p>All\u00ed el actual presidente de la comisi\u00f3n de seguridad del senado bonaerense y legislador massista sostuvo: \u201cSi nos basamos en los anuncios y carteles de Scioli, la polic\u00eda tendr\u00eda que tener 200 mil efectivos en la calle y no es as\u00ed. Hay mucho dinero de los bonaerenses destinado en publicidad y no se invierte en la seguridad. La Provincia de Buenos Aires est\u00e1 en Emergencia en Seguridad, en Emergencia en Educaci\u00f3n, en Emergencia en Salud y en Emergencia H\u00eddrica y lamentablemente nada cambia, el discurso va hacia un lugar y la realidad hacia otro.\u201d<\/p>\n<p>Los vecinos pudieron exponer sus inquietudes, algunos fueron representados por el padre Luis, que es un activo miembro de una de las asambleas por la seguridad de Wilde, quien pidi\u00f3 una mayor apertura de parte de los pol\u00edticos locales, a los que acus\u00f3 en general de no acompa\u00f1ar a los vecinos y reclam\u00f3 la Banca 25, se refiri\u00f3 a la corrupci\u00f3n de algunos integrantes de la justicia, la pol\u00edtica y la polic\u00eda.<\/p>\n<p>Otros vecinos volvieron a reclamar por el la construcci\u00f3n del puente sobre el arroyo Santo Domingo, sobre la calle Merlo, y esto analizado gener\u00f3 dudas en cuento a la urgencia en la construcci\u00f3n y el propio \u00c1lvarez tom\u00f3 como ejemplo de la falta de buenas decisiones al decir que con el costo de 12 millones que tiene el puente, invertidos en seguridad, se mejorar\u00eda y mucho la situaci\u00f3n actual en esa \u00e1rea, y eso s\u00ed es una prioridad para los vecinos, aunque destac\u00f3 que un puente ni mejora ni empeora para \u00e9l la seguridad, s\u00ed parece una medida desafortunada en este momento.<\/p>\n<p>Luego de la participaci\u00f3n de Marcelo Ricardo Hawrylciw, como Editor General del Multimedios El Sindical, respecto a aclararles a los vecinos que la banca 25 existe, pero que curiosamente en dos a\u00f1os de reclamos, el secretario del HCD, Roberto S\u00edcari, no ha podido siquiera poner a disposici\u00f3n de los vecinos el formulario que reglamenta la ordenanza, es decir, incumple \u00e9l una ordenanza del propio cuerpo al que pertenece, apreciaci\u00f3n que fue muy aplaudida por los vecinos, y ante lo cual el senador se comprometi\u00f3 a presentar un proyecto de Ley, para que el uso de la banca 25 sea obligatorio en todos los municipios de la provincia de Buenos Aires, como m\u00e9todo de participaci\u00f3n ciudadana, y reconocimiento de ese importante derecho constitucional, que en Avellaneda, no se cumple y que el propio Defensor del Pueblo de Avellaneda, Sebasti\u00e1n Vinagre, ha permitido que se restrinja un derecho important\u00edsimo a los vecinos.<\/p>\n<p>El concejal Benicio Guti\u00e9rrez, expres\u00f3 su preocupaci\u00f3n a algunos de los concurrentes sobre la imposici\u00f3n que desde el municipio se ha dado a los comisarios locales, respecto a que no pueden participar de reuniones con vecinos, foros u organizaciones, siendo que a la fecha el \u00fanico jefe policial local que ha accedido a estos pedidos o se ha entrevistado con concejales de la oposici\u00f3n ha sido el Comisario Inspector Alarc\u00f3n Jefe del CPC Avellaneda, quien incluso ha reconocido a vecinos de Sarand\u00ed, que el 911 tiene un funcionamiento defectuoso\u00a0y no es confiable para el vecino.<\/p>\n<p>Se lament\u00f3 el vaciamiento que sufri\u00f3 el polideportivo por no someterse a quienes hoy manejan la pol\u00edtica de inclusi\u00f3n y deportes en el municipio, perjudicando directamente a muchos j\u00f3venes y vecinos, pero destacaron que siguen trabajando como pueden por la inclusi\u00f3n y la pelea contra las drogas y el delito con el deporte.<\/p>\n<p>Por \u00faltimo, Alvarez de Olivera dijo: \u201cla inseguridad nos toca a todos muy de cerca en forma diaria, es por eso que desde mi lugar en la C\u00e1mara baja bonaerense, voy a realizar todos los esfuerzos para que se apliquen y cumplan las leyes vigentes, para que la polic\u00eda cumpla con todas sus funciones y para que la Justicia aplique las leyes como corresponda.\u201d<\/p>\n<p>El Senador provincial agradeci\u00f3 a Mario Barrios, Presidente de la Cooperativa UST, a los vecinos que participaron de la reuni\u00f3n y a los Concejales del Frente Renovador Jorge Gamarra, Benicio Guti\u00e9rrez, Jos\u00e9 Alessi y Ram\u00f3n Leiva, que estuvieron presentes y se comprometieron a continuar trabajando junto a los vecinos de la zona.<\/p>\n<p><a href=\"http:\/\/www.elsindical.com.ar\/notas\/var\/www\/html\/notas\/wp-content\/uploads\/2014\/10\/P1450399.jpg\"><img loading=\"lazy\" decoding=\"async\" class=\"alignnone size-medium wp-image-46354\" src=\"http:\/\/www.elsindical.com.ar\/notas\/var\/www\/html\/notas\/wp-content\/uploads\/2014\/10\/P1450399-300x225.jpg\" alt=\"P1450399\" width=\"300\" height=\"225\" srcset=\"https:\/\/www.elsindical.com.ar\/notas\/var\/www\/html\/notas\/wp-content\/uploads\/2014\/10\/P1450399-300x225.jpg 300w, https:\/\/www.elsindical.com.ar\/notas\/var\/www\/html\/notas\/wp-content\/uploads\/2014\/10\/P1450399-399x300.jpg 399w, https:\/\/www.elsindical.com.ar\/notas\/var\/www\/html\/notas\/wp-content\/uploads\/2014\/10\/P1450399.jpg 531w\" sizes=\"auto, (max-width: 300px) 100vw, 300px\" \/><\/a> <a href=\"http:\/\/www.elsindical.com.ar\/notas\/var\/www\/html\/notas\/wp-content\/uploads\/2014\/10\/P1450400.jpg\"><img loading=\"lazy\" decoding=\"async\" class=\"alignnone size-medium wp-image-46353\" src=\"http:\/\/www.elsindical.com.ar\/notas\/var\/www\/html\/notas\/wp-content\/uploads\/2014\/10\/P1450400-300x202.jpg\" alt=\"P1450400\" width=\"300\" height=\"202\" srcset=\"https:\/\/www.elsindical.com.ar\/notas\/var\/www\/html\/notas\/wp-content\/uploads\/2014\/10\/P1450400-300x202.jpg 300w, https:\/\/www.elsindical.com.ar\/notas\/var\/www\/html\/notas\/wp-content\/uploads\/2014\/10\/P1450400-443x300.jpg 443w, https:\/\/www.elsindical.com.ar\/notas\/var\/www\/html\/notas\/wp-content\/uploads\/2014\/10\/P1450400.jpg 531w\" sizes=\"auto, (max-width: 300px) 100vw, 300px\" \/><\/a><\/p>\n","protected":false},"excerpt":{"rendered":"<p>Luego de varios a\u00f1os de ausencia p\u00fablica pol\u00edtica, el senador y ex intendente de Avellaneda, Baldomero \u00abCacho\u00bb \u00c1lvarez de Olivera, se reuni\u00f3 con vecinos de Avellaneda, en las instalaciones del \u00a0Polideportivo Uni\u00f3n Solidaria de Trabajadores (UST), de Wilde. All\u00ed el actual presidente de la comisi\u00f3n de seguridad del senado bonaerense y legislador massista sostuvo: \u201cSi&hellip;<\/p>\n","protected":false},"author":1,"featured_media":0,"comment_status":"open","ping_status":"open","sticky":false,"template":"","format":"standard","meta":{"footnotes":""},"categories":[1,13],"tags":[19975,17727,11729,16587,1062,613,20015,986,882],"class_list":["post-46351","post","type-post","status-publish","format-standard","hentry","category-destacadas","category-politica","tag-baldomero-cacho-alvarez-de-olivera","tag-banca-25","tag-concejales","tag-hcd","tag-jorge-ferraresi","tag-seguridad","tag-ust","tag-vecinos","tag-wilde"],"_links":{"self":[{"href":"https:\/\/www.elsindical.com.ar\/notas\/wp-json\/wp\/v2\/posts\/46351","targetHints":{"allow":["GET"]}}],"collection":[{"href":"https:\/\/www.elsindical.com.ar\/notas\/wp-json\/wp\/v2\/posts"}],"about":[{"href":"https:\/\/www.elsindical.com.ar\/notas\/wp-json\/wp\/v2\/types\/post"}],"author":[{"embeddable":true,"href":"https:\/\/www.elsindical.com.ar\/notas\/wp-json\/wp\/v2\/users\/1"}],"replies":[{"embeddable":true,"href":"https:\/\/www.elsindical.com.ar\/notas\/wp-json\/wp\/v2\/comments?post=46351"}],"version-history":[{"count":2,"href":"https:\/\/www.elsindical.com.ar\/notas\/wp-json\/wp\/v2\/posts\/46351\/revisions"}],"predecessor-version":[{"id":46356,"href":"https:\/\/www.elsindical.com.ar\/notas\/wp-json\/wp\/v2\/posts\/46351\/revisions\/46356"}],"wp:attachment":[{"href":"https:\/\/www.elsindical.com.ar\/notas\/wp-json\/wp\/v2\/media?parent=46351"}],"wp:term":[{"taxonomy":"category","embeddable":true,"href":"https:\/\/www.elsindical.com.ar\/notas\/wp-json\/wp\/v2\/categories?post=46351"},{"taxonomy":"post_tag","embeddable":true,"href":"https:\/\/www.elsindical.com.ar\/notas\/wp-json\/wp\/v2\/tags?post=46351"}],"curies":[{"name":"wp","href":"https:\/\/api.w.org\/{rel}","templated":true}]}}