{"id":46328,"date":"2014-10-15T14:49:57","date_gmt":"2014-10-15T17:49:57","guid":{"rendered":"http:\/\/www.elsindical.com.ar\/notas\/?p=46328"},"modified":"2014-10-15T14:49:57","modified_gmt":"2014-10-15T17:49:57","slug":"rio-negroinvestigan-millonaria-estafa-en-upcn","status":"publish","type":"post","link":"https:\/\/www.elsindical.com.ar\/notas\/rio-negroinvestigan-millonaria-estafa-en-upcn\/","title":{"rendered":"R\u00edo Negro:Investigan millonaria estafa en UPCN"},"content":{"rendered":"<p><em><a href=\"http:\/\/www.elsindical.com.ar\/notas\/var\/www\/html\/notas\/wp-content\/uploads\/2014\/10\/UPCN-R\u00edo-Negro.jpg\"><img loading=\"lazy\" decoding=\"async\" class=\"alignnone size-medium wp-image-46329\" src=\"http:\/\/www.elsindical.com.ar\/notas\/var\/www\/html\/notas\/wp-content\/uploads\/2014\/10\/UPCN-R\u00edo-Negro-300x213.jpg\" alt=\"UPCN-R\u00edo-Negro\" width=\"300\" height=\"213\" srcset=\"https:\/\/www.elsindical.com.ar\/notas\/var\/www\/html\/notas\/wp-content\/uploads\/2014\/10\/UPCN-R\u00edo-Negro-300x213.jpg 300w, https:\/\/www.elsindical.com.ar\/notas\/var\/www\/html\/notas\/wp-content\/uploads\/2014\/10\/UPCN-R\u00edo-Negro-421x300.jpg 421w, https:\/\/www.elsindical.com.ar\/notas\/var\/www\/html\/notas\/wp-content\/uploads\/2014\/10\/UPCN-R\u00edo-Negro.jpg 517w\" sizes=\"auto, (max-width: 300px) 100vw, 300px\" \/><\/a>Bajo un gran hermetismo en la Justicia se piden medidas y se esperan resultados periciales para continuar la causa.<\/em><\/p>\n<p>La conducci\u00f3n de UPCN se puso a disposici\u00f3n de la Justicia, mientras trascendidos aseguran que los montos que habr\u00edan sido cobrados de la cuenta del Fondo Compensador superar\u00edan el mill\u00f3n de pesos. Habr\u00edan sido abonados en s\u00f3lo un par de cheques.<\/p>\n<p>En tanto la Justicia analiza la documentaci\u00f3n secuestrada en el allanamiento a UPCN de cuya sede central en Viedma fueron retiradas carpetas y computadora del \u00e1rea de la Tesorer\u00eda gremial. Esta semana se comenzar\u00eda con declaraciones de testigos.<\/p>\n<p>De ser confirmada la informaci\u00f3n que -hasta el momento- surge de trascendidos y que efectivamente fueron cobrados esos cheques por tan importante monto la situaci\u00f3n en UPCN se trasformar\u00eda en escandalosa.<\/p>\n<p>El objeto de la investigaci\u00f3n es determinar si efectivamente fue cobrado ese dinero, por qui\u00e9n o qui\u00e9nes y si corresponde a la cuenta del Fondo Compensador que hace m\u00e1s de 15 a\u00f1os dej\u00f3 de existir.<\/p>\n<p>Por su parte, desde el \u00e1rea de prensa de UPCN se inform\u00f3 que la dirigencia gremial se puso a disposici\u00f3n de la Justicia para ofrecer toda la documentaci\u00f3n y aclaraciones necesarias, \u00abde manera de desenmascarar la falsa denuncia realizada por integrantes de la lista Violeta tras la derrota en las elecciones de nuestro gremio\u00bb.<\/p>\n<p>Tras confirmar que por orden del juez Fabio Igoldi, oficiales de Justicia requirieron en la sede gremial documentaci\u00f3n relacionada con el fondo compensador que la UPCN administr\u00f3 hasta el a\u00f1o 1996 se aclar\u00f3 que \u00abdesde el gremio facilitamos toda la informaci\u00f3n requerida, porque estamos seguros de nuestro accionar y que esta causa fue iniciada con motivo de la derrota en las elecciones de mayo y revitalizada luego de la resoluci\u00f3n del ministerio de Trabajo que rechaz\u00f3 el planteo formulado por los perdidosos en aquellos comicios\u00bb.<\/p>\n<p>El comunicado sindical agreg\u00f3 que \u00abcomo gremio somos los primeros interesados en que r\u00e1pidamente se establezca la verdad y quede desenmascarada esta acci\u00f3n que, llamativamente, se activa 18 a\u00f1os despu\u00e9s\u00bb.<\/p>\n<p>&nbsp;<\/p>\n","protected":false},"excerpt":{"rendered":"<p>Bajo un gran hermetismo en la Justicia se piden medidas y se esperan resultados periciales para continuar la causa. La conducci\u00f3n de UPCN se puso a disposici\u00f3n de la Justicia, mientras trascendidos aseguran que los montos que habr\u00edan sido cobrados de la cuenta del Fondo Compensador superar\u00edan el mill\u00f3n de pesos. Habr\u00edan sido abonados en&hellip;<\/p>\n","protected":false},"author":1,"featured_media":0,"comment_status":"open","ping_status":"open","sticky":false,"template":"","format":"standard","meta":{"footnotes":""},"categories":[20],"tags":[41,12144,3581],"class_list":["post-46328","post","type-post","status-publish","format-standard","hentry","category-judiciales","tag-justicia","tag-millonaria","tag-upcn"],"_links":{"self":[{"href":"https:\/\/www.elsindical.com.ar\/notas\/wp-json\/wp\/v2\/posts\/46328","targetHints":{"allow":["GET"]}}],"collection":[{"href":"https:\/\/www.elsindical.com.ar\/notas\/wp-json\/wp\/v2\/posts"}],"about":[{"href":"https:\/\/www.elsindical.com.ar\/notas\/wp-json\/wp\/v2\/types\/post"}],"author":[{"embeddable":true,"href":"https:\/\/www.elsindical.com.ar\/notas\/wp-json\/wp\/v2\/users\/1"}],"replies":[{"embeddable":true,"href":"https:\/\/www.elsindical.com.ar\/notas\/wp-json\/wp\/v2\/comments?post=46328"}],"version-history":[{"count":1,"href":"https:\/\/www.elsindical.com.ar\/notas\/wp-json\/wp\/v2\/posts\/46328\/revisions"}],"predecessor-version":[{"id":46330,"href":"https:\/\/www.elsindical.com.ar\/notas\/wp-json\/wp\/v2\/posts\/46328\/revisions\/46330"}],"wp:attachment":[{"href":"https:\/\/www.elsindical.com.ar\/notas\/wp-json\/wp\/v2\/media?parent=46328"}],"wp:term":[{"taxonomy":"category","embeddable":true,"href":"https:\/\/www.elsindical.com.ar\/notas\/wp-json\/wp\/v2\/categories?post=46328"},{"taxonomy":"post_tag","embeddable":true,"href":"https:\/\/www.elsindical.com.ar\/notas\/wp-json\/wp\/v2\/tags?post=46328"}],"curies":[{"name":"wp","href":"https:\/\/api.w.org\/{rel}","templated":true}]}}