{"id":46284,"date":"2014-10-14T17:00:05","date_gmt":"2014-10-14T20:00:05","guid":{"rendered":"http:\/\/www.elsindical.com.ar\/notas\/?p=46284"},"modified":"2014-10-14T17:00:05","modified_gmt":"2014-10-14T20:00:05","slug":"talar-de-pachecobusqueda-desesperada-de-una-menor","status":"publish","type":"post","link":"https:\/\/www.elsindical.com.ar\/notas\/talar-de-pachecobusqueda-desesperada-de-una-menor\/","title":{"rendered":"Talar de Pacheco:B\u00fasqueda desesperada de una menor"},"content":{"rendered":"<p><em><a href=\"http:\/\/www.elsindical.com.ar\/notas\/var\/www\/html\/notas\/wp-content\/uploads\/2014\/10\/Sof\u00eda-Aldana.jpg\"><img loading=\"lazy\" decoding=\"async\" class=\"alignnone size-medium wp-image-46285\" src=\"http:\/\/www.elsindical.com.ar\/notas\/var\/www\/html\/notas\/wp-content\/uploads\/2014\/10\/Sof\u00eda-Aldana-300x155.jpg\" alt=\"Sof\u00eda-Aldana\" width=\"300\" height=\"155\" srcset=\"https:\/\/www.elsindical.com.ar\/notas\/var\/www\/html\/notas\/wp-content\/uploads\/2014\/10\/Sof\u00eda-Aldana-300x155.jpg 300w, https:\/\/www.elsindical.com.ar\/notas\/var\/www\/html\/notas\/wp-content\/uploads\/2014\/10\/Sof\u00eda-Aldana-500x259.jpg 500w, https:\/\/www.elsindical.com.ar\/notas\/var\/www\/html\/notas\/wp-content\/uploads\/2014\/10\/Sof\u00eda-Aldana.jpg 502w\" sizes=\"auto, (max-width: 300px) 100vw, 300px\" \/><\/a>Sof\u00eda Aldana est\u00e1 desaparecida. La madre sospecha del novio. Difundir.<\/em><\/p>\n<p>Lidia, la mam\u00e1 de Sof\u00eda, dijo que Cristian, el novio, era \u201cmuy posesivo\u201d, ella tiene una foto que le envi\u00f3 a su hija a trav\u00e9s del celular, donde se lo ve apunt\u00e1ndo un rev\u00f3lver, con una actitud de amenaza. \u201dSi me dej\u00e1s, te mato\u201d, dec\u00eda la frase que acompa\u00f1aba la imagen.<\/p>\n<div class=\"text_exposed_show\">\n<p>Lidia agreg\u00f3 que el chico no aceptaba las reglas que hab\u00eda impuesto para que viera a su hija. \u201c\u00c9l ven\u00eda a mi casa sin me permiso, ten\u00eda problemas de conducta. No acepataba mis condiciones\u201d, dijo.<\/p>\n<p>\u201cEl tel\u00e9fono estaba en casa porque yo le hab\u00eda sacado el celular. Yo le desbloqu\u00e9 el tel\u00e9fono y me encontr\u00e9 con eso\u201d, cont\u00f3 la mam\u00e1.<\/p>\n<p>La madre del chico habr\u00eda amenazando a Lidia para que no \u201cse metan con su hijo\u201d.<\/p>\n<p>\u201cNostros fuimos a la casa y la familia nos dijo que \u00e9l no estaba. Es raro que si este chico tambi\u00e9n falta de su hogar, y siendo menor, no se haga la denuncia\u201d, explic\u00f3 el abogado Hugo Trindade. \u201cAntes de su desaparici\u00f3n ella escribi\u00f3 una carta donde se refleja que la relaci\u00f3n con su familia era excelente y le pide a su padre disculpas por los problemas que estaba teniendo con ella por la<br \/>\nrelaci\u00f3n con su novio. Para m\u00ed no la est\u00e1n dejando volver\u201d, asegur\u00f3 el abogado.<\/p>\n<p>\u201cYo lo \u00fanico que pido es que regrese Sof\u00eda. El domingo llam\u00f3 a la amiga. Estaba llorando y le dijo que estaba con hambre, sucia, y que quer\u00eda volver a la casa\u201d, cont\u00f3 Lidia desesperada<\/p>\n<\/div>\n","protected":false},"excerpt":{"rendered":"<p>Sof\u00eda Aldana est\u00e1 desaparecida. La madre sospecha del novio. Difundir. Lidia, la mam\u00e1 de Sof\u00eda, dijo que Cristian, el novio, era \u201cmuy posesivo\u201d, ella tiene una foto que le envi\u00f3 a su hija a trav\u00e9s del celular, donde se lo ve apunt\u00e1ndo un rev\u00f3lver, con una actitud de amenaza. \u201dSi me dej\u00e1s, te mato\u201d, dec\u00eda&hellip;<\/p>\n","protected":false},"author":1,"featured_media":0,"comment_status":"open","ping_status":"open","sticky":false,"template":"","format":"standard","meta":{"footnotes":""},"categories":[26],"tags":[973,223,3597,19974,2771],"class_list":["post-46284","post","type-post","status-publish","format-standard","hentry","category-solidaridad","tag-desaparecida","tag-menor","tag-novio","tag-sofia-aldana","tag-talar-de-pacheco"],"_links":{"self":[{"href":"https:\/\/www.elsindical.com.ar\/notas\/wp-json\/wp\/v2\/posts\/46284","targetHints":{"allow":["GET"]}}],"collection":[{"href":"https:\/\/www.elsindical.com.ar\/notas\/wp-json\/wp\/v2\/posts"}],"about":[{"href":"https:\/\/www.elsindical.com.ar\/notas\/wp-json\/wp\/v2\/types\/post"}],"author":[{"embeddable":true,"href":"https:\/\/www.elsindical.com.ar\/notas\/wp-json\/wp\/v2\/users\/1"}],"replies":[{"embeddable":true,"href":"https:\/\/www.elsindical.com.ar\/notas\/wp-json\/wp\/v2\/comments?post=46284"}],"version-history":[{"count":1,"href":"https:\/\/www.elsindical.com.ar\/notas\/wp-json\/wp\/v2\/posts\/46284\/revisions"}],"predecessor-version":[{"id":46286,"href":"https:\/\/www.elsindical.com.ar\/notas\/wp-json\/wp\/v2\/posts\/46284\/revisions\/46286"}],"wp:attachment":[{"href":"https:\/\/www.elsindical.com.ar\/notas\/wp-json\/wp\/v2\/media?parent=46284"}],"wp:term":[{"taxonomy":"category","embeddable":true,"href":"https:\/\/www.elsindical.com.ar\/notas\/wp-json\/wp\/v2\/categories?post=46284"},{"taxonomy":"post_tag","embeddable":true,"href":"https:\/\/www.elsindical.com.ar\/notas\/wp-json\/wp\/v2\/tags?post=46284"}],"curies":[{"name":"wp","href":"https:\/\/api.w.org\/{rel}","templated":true}]}}