{"id":46258,"date":"2014-10-14T01:31:07","date_gmt":"2014-10-14T04:31:07","guid":{"rendered":"http:\/\/www.elsindical.com.ar\/notas\/?p=46258"},"modified":"2014-10-14T01:31:07","modified_gmt":"2014-10-14T04:31:07","slug":"hacian-secuestros-virtuales-con-lloronas-que-simulaban-ser-las-victimas","status":"publish","type":"post","link":"https:\/\/www.elsindical.com.ar\/notas\/hacian-secuestros-virtuales-con-lloronas-que-simulaban-ser-las-victimas\/","title":{"rendered":"Hac\u00edan secuestros virtuales con \u00ablloronas\u00bb que simulaban ser las v\u00edctimas"},"content":{"rendered":"<p><em><a href=\"http:\/\/www.elsindical.com.ar\/notas\/var\/www\/html\/notas\/wp-content\/uploads\/2014\/10\/detenida-Polic\u00eda-Metropolitana.jpg\"><img loading=\"lazy\" decoding=\"async\" class=\"alignnone size-medium wp-image-46260\" src=\"http:\/\/www.elsindical.com.ar\/notas\/var\/www\/html\/notas\/wp-content\/uploads\/2014\/10\/detenida-Polic\u00eda-Metropolitana-300x206.jpg\" alt=\"detenida-Polic\u00eda-Metropolitana\" width=\"300\" height=\"206\" srcset=\"https:\/\/www.elsindical.com.ar\/notas\/var\/www\/html\/notas\/wp-content\/uploads\/2014\/10\/detenida-Polic\u00eda-Metropolitana-300x206.jpg 300w, https:\/\/www.elsindical.com.ar\/notas\/var\/www\/html\/notas\/wp-content\/uploads\/2014\/10\/detenida-Polic\u00eda-Metropolitana-435x300.jpg 435w, https:\/\/www.elsindical.com.ar\/notas\/var\/www\/html\/notas\/wp-content\/uploads\/2014\/10\/detenida-Polic\u00eda-Metropolitana.jpg 531w\" sizes=\"auto, (max-width: 300px) 100vw, 300px\" \/><\/a>Cay\u00f3 una banda acusada de cometer 13 delitos en un mes, en barrios de la zona norte de la Ciudad. Hay siete detenidos, todos de la comunidad gitana.<\/em><\/p>\n<p>En marzo de este a\u00f1o, la zona norte de la Ciudad de Buenos Aires fue escenario de una ola de secuestros virtuales. En ese mes se registraron al menos 13 casos. A ra\u00edz de las denuncias, personal del \u00e1rea de Delitos y Sumarios de la Polic\u00eda Metropolitana comenz\u00f3 una investigaci\u00f3n que culmin\u00f3 este fin de semana, con la <b>detenci\u00f3n de siete personas<\/b> en los barrios de Floresta, Villa del Parque y Villa Devoto.<\/p>\n<p>Durante los procedimientos la Polic\u00eda se secuestr\u00f3 una importante cantidad de dinero, documentaci\u00f3n y veh\u00edculos de alta gama. Seg\u00fan informaron fuentes de la investigaci\u00f3n, todos los detenidos pertenecen a la comunidad gitana e integraban una banda que se dedicaba a realizar secuestros virtuales. Dentro de su estructura <b>hab\u00eda \u00ablloronas\u00bb<\/b>, encargadas de hacerse pasar por las supuestas v\u00edctimas.<\/p>\n<p>Durante la investigaci\u00f3n, los agentes comprobaron el \u00abmodus operandi\u00bb de esta organizaci\u00f3n. Durante las primeras horas de la noche se reun\u00edan para definir qu\u00e9 zona iban a elegir para realizar los secuestros virtuales.<\/p>\n<p>Luego, en horas de la madrugada y con cierto nivel de conocimientos sobre el barrio, comenzaban a llamar a los abonados telef\u00f3nicos. Aprovechando que las personas estaban dormidas, <b>montaban una teatralizaci\u00f3n<\/b> sobre un supuesto secuestro de un familiar. En ese momento comenzaban a actuar las \u00ablloronas\u00bb, clave dentro del simulacro que montaba la banda. Si la v\u00edctima ca\u00eda, le indicaban d\u00f3nde ten\u00eda que dejar el dinero. Los detenidos fueron llevados en primera instancias a dependencias de la Polic\u00eda Metropolitana y luego se los traslad\u00f3 a la U-28 del Servicio Penitenciario Federal, donde quedaron a disposici\u00f3n de la Justicia.<\/p>\n","protected":false},"excerpt":{"rendered":"<p>Cay\u00f3 una banda acusada de cometer 13 delitos en un mes, en barrios de la zona norte de la Ciudad. Hay siete detenidos, todos de la comunidad gitana. En marzo de este a\u00f1o, la zona norte de la Ciudad de Buenos Aires fue escenario de una ola de secuestros virtuales. En ese mes se registraron&hellip;<\/p>\n","protected":false},"author":1,"featured_media":0,"comment_status":"open","ping_status":"open","sticky":false,"template":"","format":"standard","meta":{"footnotes":""},"categories":[22],"tags":[742,30,19960],"class_list":["post-46258","post","type-post","status-publish","format-standard","hentry","category-policiales","tag-detenidos","tag-policia","tag-secuestros-virtuales"],"_links":{"self":[{"href":"https:\/\/www.elsindical.com.ar\/notas\/wp-json\/wp\/v2\/posts\/46258","targetHints":{"allow":["GET"]}}],"collection":[{"href":"https:\/\/www.elsindical.com.ar\/notas\/wp-json\/wp\/v2\/posts"}],"about":[{"href":"https:\/\/www.elsindical.com.ar\/notas\/wp-json\/wp\/v2\/types\/post"}],"author":[{"embeddable":true,"href":"https:\/\/www.elsindical.com.ar\/notas\/wp-json\/wp\/v2\/users\/1"}],"replies":[{"embeddable":true,"href":"https:\/\/www.elsindical.com.ar\/notas\/wp-json\/wp\/v2\/comments?post=46258"}],"version-history":[{"count":2,"href":"https:\/\/www.elsindical.com.ar\/notas\/wp-json\/wp\/v2\/posts\/46258\/revisions"}],"predecessor-version":[{"id":46261,"href":"https:\/\/www.elsindical.com.ar\/notas\/wp-json\/wp\/v2\/posts\/46258\/revisions\/46261"}],"wp:attachment":[{"href":"https:\/\/www.elsindical.com.ar\/notas\/wp-json\/wp\/v2\/media?parent=46258"}],"wp:term":[{"taxonomy":"category","embeddable":true,"href":"https:\/\/www.elsindical.com.ar\/notas\/wp-json\/wp\/v2\/categories?post=46258"},{"taxonomy":"post_tag","embeddable":true,"href":"https:\/\/www.elsindical.com.ar\/notas\/wp-json\/wp\/v2\/tags?post=46258"}],"curies":[{"name":"wp","href":"https:\/\/api.w.org\/{rel}","templated":true}]}}