{"id":46173,"date":"2014-10-11T14:48:03","date_gmt":"2014-10-11T17:48:03","guid":{"rendered":"http:\/\/www.elsindical.com.ar\/notas\/?p=46173"},"modified":"2014-10-11T14:48:03","modified_gmt":"2014-10-11T17:48:03","slug":"quilmesescandalo-sexual-en-la-patrulla-urbana","status":"publish","type":"post","link":"https:\/\/www.elsindical.com.ar\/notas\/quilmesescandalo-sexual-en-la-patrulla-urbana\/","title":{"rendered":"Quilmes:Esc\u00e1ndalo sexual en la Patrulla Urbana"},"content":{"rendered":"<p><em><a href=\"http:\/\/www.elsindical.com.ar\/notas\/var\/www\/html\/notas\/wp-content\/uploads\/2014\/10\/patrulla-urbana-Quilmes.jpg\"><img loading=\"lazy\" decoding=\"async\" class=\"alignnone size-medium wp-image-46174\" src=\"http:\/\/www.elsindical.com.ar\/notas\/var\/www\/html\/notas\/wp-content\/uploads\/2014\/10\/patrulla-urbana-Quilmes-300x170.jpg\" alt=\"patrulla-urbana-Quilmes\" width=\"300\" height=\"170\" srcset=\"https:\/\/www.elsindical.com.ar\/notas\/var\/www\/html\/notas\/wp-content\/uploads\/2014\/10\/patrulla-urbana-Quilmes-300x170.jpg 300w, https:\/\/www.elsindical.com.ar\/notas\/var\/www\/html\/notas\/wp-content\/uploads\/2014\/10\/patrulla-urbana-Quilmes-500x283.jpg 500w, https:\/\/www.elsindical.com.ar\/notas\/var\/www\/html\/notas\/wp-content\/uploads\/2014\/10\/patrulla-urbana-Quilmes.jpg 502w\" sizes=\"auto, (max-width: 300px) 100vw, 300px\" \/><\/a>El director de ese cuerpo de seguridad fue denunciado por un grupo de empleados por reiterados acosos sexuales. Los que no acced\u00edan eran enviados a lugares m\u00e1s peligrosos y sin protecci\u00f3n, como \u201ccastigo\u201d.<\/em><\/p>\n<p>Un <b>funcionario de la Municipalidad de Quilmes <\/b>fue separado de su cargo, al ser denunciado por un grupo de empleados que estaban a su cargo por situaciones vinculadas a \u00ab<b>reiterados acosos sexuales\u00bb<\/b>, agregando que aquellos que no acced\u00edan a sus requerimientos eran enviados a los lugares de trabajo \u00ab<b>menos deseados\u00bb.<\/b><\/p>\n<p>El episodio involucra al director de la Patrulla Urbana de Quilmes,<b> Daniel Guevara,<\/b> a quien se relev\u00f3 de sus funciones, luego de recibir el reclamo de sus empleados por las <b>\u00abactitudes indecentes\u00bb, <\/b>en un encuentro del que participaron el secretario de Gobierno de la comuna, Ra\u00fal Oviedo, y la subsecretaria de Seguridad, Mariana Rodr\u00edguez. No obstante, para que se adoptara la medida, los trabajadores de la Patrulla Urbana paralizaron el servicio, moviliz\u00e1ndose hacia los Tribunales de Quilmes, donde qued\u00f3 radicado el expediente judicial.<\/p>\n<p>En el caso, se dio intervenci\u00f3n a la Unidad Funcional de Instrucci\u00f3n N\u00ba 3 de Quilmes, que recibi\u00f3 los detalles de los hostigamientos sexuales que Guevara hac\u00eda con el personal a su cargo, como as\u00ed tambi\u00e9n los<b> \u00abcastigos\u00bb que recib\u00edan los no respond\u00edan a sus requerimientos.<\/b><\/p>\n<p><b>En tal sentido, explicaron que, a modo de sanci\u00f3n, el funcionario enviaba a \u00ablos <\/b><strong>rebeldes\u00bb<\/strong> a patrullar los barrios m\u00e1s peligrosos, sin ning\u00fan motivo, en condiciones precarias e inseguras.<\/p>\n<p><b>Lo apartaron<\/b><\/p>\n<p>Desde la comuna se se\u00f1al\u00f3 que Guevara fue apartado de sus funciones el mismo d\u00eda que los choferes de las patrullas fueron a quejarse con el secretario de Gobierno, aunque el personal desconoc\u00eda la medida y por eso, ante la falta de respuestas, recurrieron a la fiscal\u00eda.<\/p>\n<p>Adem\u00e1s de la denuncia por acoso sexual, los trabajadores de la <b>Patrulla Municipal <\/b>manifestaron que son enviados \u00ab<b>de a uno, sin acompa\u00f1ante, a zonas muy peligrosas<\/b> y en autom\u00f3viles que no cuentan con ning\u00fan tipo de garant\u00eda, porque no est\u00e1n blindados. Para colmo, sin armas de fuego, ni chalecos antibala. Tampoco tenemos preparaci\u00f3n alguna para defendernos en caso de ser atacados\u00bb.<\/p>\n<p>Una de las situaciones de<b> \u00abvulnerabilidad\u00bb<\/b> se habr\u00eda registrado en la esquina de Rodolfo L\u00f3pez y Camino General Belgrano de Quilmes Oeste cuando tres sujetos atacaron a una de las patrullas a pedradas y golpes, adem\u00e1s de amenazar al chofer \u00abpara que no aparezca m\u00e1s por la zona\u00bb.<\/p>\n","protected":false},"excerpt":{"rendered":"<p>El director de ese cuerpo de seguridad fue denunciado por un grupo de empleados por reiterados acosos sexuales. Los que no acced\u00edan eran enviados a lugares m\u00e1s peligrosos y sin protecci\u00f3n, como \u201ccastigo\u201d. Un funcionario de la Municipalidad de Quilmes fue separado de su cargo, al ser denunciado por un grupo de empleados que estaban&hellip;<\/p>\n","protected":false},"author":1,"featured_media":0,"comment_status":"open","ping_status":"open","sticky":false,"template":"","format":"standard","meta":{"footnotes":""},"categories":[22],"tags":[5943,19935,19933,684,19934],"class_list":["post-46173","post","type-post","status-publish","format-standard","hentry","category-policiales","tag-abusos-sexuales","tag-daniel-guevara","tag-patrulla-urbana","tag-quilmes","tag-ufi-no-3"],"_links":{"self":[{"href":"https:\/\/www.elsindical.com.ar\/notas\/wp-json\/wp\/v2\/posts\/46173","targetHints":{"allow":["GET"]}}],"collection":[{"href":"https:\/\/www.elsindical.com.ar\/notas\/wp-json\/wp\/v2\/posts"}],"about":[{"href":"https:\/\/www.elsindical.com.ar\/notas\/wp-json\/wp\/v2\/types\/post"}],"author":[{"embeddable":true,"href":"https:\/\/www.elsindical.com.ar\/notas\/wp-json\/wp\/v2\/users\/1"}],"replies":[{"embeddable":true,"href":"https:\/\/www.elsindical.com.ar\/notas\/wp-json\/wp\/v2\/comments?post=46173"}],"version-history":[{"count":1,"href":"https:\/\/www.elsindical.com.ar\/notas\/wp-json\/wp\/v2\/posts\/46173\/revisions"}],"predecessor-version":[{"id":46175,"href":"https:\/\/www.elsindical.com.ar\/notas\/wp-json\/wp\/v2\/posts\/46173\/revisions\/46175"}],"wp:attachment":[{"href":"https:\/\/www.elsindical.com.ar\/notas\/wp-json\/wp\/v2\/media?parent=46173"}],"wp:term":[{"taxonomy":"category","embeddable":true,"href":"https:\/\/www.elsindical.com.ar\/notas\/wp-json\/wp\/v2\/categories?post=46173"},{"taxonomy":"post_tag","embeddable":true,"href":"https:\/\/www.elsindical.com.ar\/notas\/wp-json\/wp\/v2\/tags?post=46173"}],"curies":[{"name":"wp","href":"https:\/\/api.w.org\/{rel}","templated":true}]}}