{"id":46148,"date":"2014-10-10T15:56:57","date_gmt":"2014-10-10T18:56:57","guid":{"rendered":"http:\/\/www.elsindical.com.ar\/notas\/?p=46148"},"modified":"2014-10-10T15:56:57","modified_gmt":"2014-10-10T18:56:57","slug":"el-paciente-internado-en-brasil-por-ebola-habria-salido-desde-la-argentina-por-ezeiza","status":"publish","type":"post","link":"https:\/\/www.elsindical.com.ar\/notas\/el-paciente-internado-en-brasil-por-ebola-habria-salido-desde-la-argentina-por-ezeiza\/","title":{"rendered":"El paciente internado en Brasil por \u00e9bola habr\u00eda salido desde la Argentina por Ezeiza"},"content":{"rendered":"<p><em><a href=\"http:\/\/www.elsindical.com.ar\/notas\/var\/www\/html\/notas\/wp-content\/uploads\/2014\/10\/enfermo-de-\u00e9bola.jpg\"><img loading=\"lazy\" decoding=\"async\" class=\"alignnone size-medium wp-image-46149\" src=\"http:\/\/www.elsindical.com.ar\/notas\/var\/www\/html\/notas\/wp-content\/uploads\/2014\/10\/enfermo-de-\u00e9bola-300x168.jpg\" alt=\"enfermo-de-\u00e9bola\" width=\"300\" height=\"168\" srcset=\"https:\/\/www.elsindical.com.ar\/notas\/var\/www\/html\/notas\/wp-content\/uploads\/2014\/10\/enfermo-de-\u00e9bola-300x168.jpg 300w, https:\/\/www.elsindical.com.ar\/notas\/var\/www\/html\/notas\/wp-content\/uploads\/2014\/10\/enfermo-de-\u00e9bola-500x281.jpg 500w, https:\/\/www.elsindical.com.ar\/notas\/var\/www\/html\/notas\/wp-content\/uploads\/2014\/10\/enfermo-de-\u00e9bola.jpg 531w\" sizes=\"auto, (max-width: 300px) 100vw, 300px\" \/><\/a>El paciente sospechado de estar infectado con \u00c9bola en Brasil habr\u00eda entrado al vecino pa\u00eds desde la Argentina, seg\u00fan el diario\u00a0Folha de Sao Paulo.\u00a0El hombre,\u00a0un guineano de 47 a\u00f1os llamado Souleymane Bah, pidi\u00f3 asilo en Brasil el 23 de septiembre pasado en la localidad de Dionisio Cerqueira, estado de Santa Catarina, lindante con la provincia de Misiones.<\/em><\/p>\n<p>Seg\u00fan inform\u00f3 el Ministerio brasile\u00f1o de Salud, Bah <strong>lleg\u00f3 a Brasil el pasado 19 de septiembre<\/strong> procedente de Guinea Conakry, uno de los pa\u00edses \u00a0m\u00e1s afectados por la epidemia, despu\u00e9s de hacer escala en Marruecos.<\/p>\n<p>El hombre ingres\u00f3 en la tarde del jueves en una unidad de atenci\u00f3n primaria de Cascavel, en el estado de Paran\u00e1, tras presentar un cuadro febril en la tarde del mi\u00e9rcoles y la ma\u00f1ana del jueves.<\/p>\n<p>Por estar en el <strong>21\u00ba d\u00eda del supuesto contagio -periodo l\u00edmite de incubaci\u00f3n de la enfermedad<\/strong>&#8211; el paciente fue inmediatamente considerado sospechoso de padecer \u00e9bola e internado aislado en el centro n\u00famero 2 de atenci\u00f3n de Cascavel. Esta ma\u00f1ana <strong>fue traslado<\/strong> en un avi\u00f3n de la Polic\u00eda Federal\u00a0al <strong>Instituto Nacional de Infectolog\u00eda<\/strong> Evandro Chagas, en R\u00edo de Janeiro, mientras que\u00a0<strong>no se permite la entrada ni salida de pacientes<\/strong> o familiares del centro de atenci\u00f3n de Cascavel.<\/p>\n<p>Las autoridades informaron de que este hombre <strong>present\u00f3 s\u00edntomas de fiebre durante los \u00faltimos dos d\u00edas, aunque \u00abno tuvo hemorragias, v\u00f3mitos u otros s\u00edntomas<\/strong>.\u00a0\u00abEst\u00e1 en buen estado general y es mantenido en aislamiento total\u00bb, indic\u00f3 en un comunicado el ministerio de Salud de Brasil.<\/p>\n<p>La <strong>similitud de los primeros s\u00edntomas del \u00e9bola<\/strong> con enfermedades virales m\u00e1s comunes en Brasil, como la <strong>malaria o el dengue hemorr\u00e1gico<\/strong>, hicieron que el estado de Paran\u00e1 recibiera <strong>dos alertas<\/strong> m\u00e1s en el \u00faltimo mes que <strong>acabaron siendo malaria<\/strong>.<\/p>\n<p>Guinea es uno de los tres pa\u00edses de \u00c1frica Occidental, junto a Liberia y Sierra Leona, m\u00e1s afectados por la epidemia de \u00e9bola, que ya mat\u00f3 a casi 3.900 personas.\u00a0Los s\u00edntomas de la enfermedad son <strong>fiebre, diarrea, v\u00f3mitos, adem\u00e1s de fuertes dolores musculares y de articulaciones<\/strong>. Se transmite por el <strong>contacto con fluidos corporales<\/strong> de una persona infectada o al <strong>tocar el cad\u00e1ver<\/strong> de una v\u00edctima.<\/p>\n","protected":false},"excerpt":{"rendered":"<p>El paciente sospechado de estar infectado con \u00c9bola en Brasil habr\u00eda entrado al vecino pa\u00eds desde la Argentina, seg\u00fan el diario\u00a0Folha de Sao Paulo.\u00a0El hombre,\u00a0un guineano de 47 a\u00f1os llamado Souleymane Bah, pidi\u00f3 asilo en Brasil el 23 de septiembre pasado en la localidad de Dionisio Cerqueira, estado de Santa Catarina, lindante con la provincia&hellip;<\/p>\n","protected":false},"author":1,"featured_media":0,"comment_status":"open","ping_status":"open","sticky":false,"template":"","format":"standard","meta":{"footnotes":""},"categories":[18],"tags":[127,95,154,19893,661,2243,4385,11774,7714,19924],"class_list":["post-46148","post","type-post","status-publish","format-standard","hentry","category-internacionales","tag-argentina","tag-brasil","tag-buenos-aires","tag-ebola","tag-ezeiza","tag-misiones","tag-parana","tag-posadas","tag-rio-de-janeiro","tag-souleymane-bah"],"_links":{"self":[{"href":"https:\/\/www.elsindical.com.ar\/notas\/wp-json\/wp\/v2\/posts\/46148","targetHints":{"allow":["GET"]}}],"collection":[{"href":"https:\/\/www.elsindical.com.ar\/notas\/wp-json\/wp\/v2\/posts"}],"about":[{"href":"https:\/\/www.elsindical.com.ar\/notas\/wp-json\/wp\/v2\/types\/post"}],"author":[{"embeddable":true,"href":"https:\/\/www.elsindical.com.ar\/notas\/wp-json\/wp\/v2\/users\/1"}],"replies":[{"embeddable":true,"href":"https:\/\/www.elsindical.com.ar\/notas\/wp-json\/wp\/v2\/comments?post=46148"}],"version-history":[{"count":1,"href":"https:\/\/www.elsindical.com.ar\/notas\/wp-json\/wp\/v2\/posts\/46148\/revisions"}],"predecessor-version":[{"id":46150,"href":"https:\/\/www.elsindical.com.ar\/notas\/wp-json\/wp\/v2\/posts\/46148\/revisions\/46150"}],"wp:attachment":[{"href":"https:\/\/www.elsindical.com.ar\/notas\/wp-json\/wp\/v2\/media?parent=46148"}],"wp:term":[{"taxonomy":"category","embeddable":true,"href":"https:\/\/www.elsindical.com.ar\/notas\/wp-json\/wp\/v2\/categories?post=46148"},{"taxonomy":"post_tag","embeddable":true,"href":"https:\/\/www.elsindical.com.ar\/notas\/wp-json\/wp\/v2\/tags?post=46148"}],"curies":[{"name":"wp","href":"https:\/\/api.w.org\/{rel}","templated":true}]}}