{"id":46131,"date":"2014-10-09T19:48:24","date_gmt":"2014-10-09T22:48:24","guid":{"rendered":"http:\/\/www.elsindical.com.ar\/notas\/?p=46131"},"modified":"2014-10-09T19:48:24","modified_gmt":"2014-10-09T22:48:24","slug":"colectivos-bonaerenses-deberan-instalar-camaras-de-seguridad-en-sus-unidades","status":"publish","type":"post","link":"https:\/\/www.elsindical.com.ar\/notas\/colectivos-bonaerenses-deberan-instalar-camaras-de-seguridad-en-sus-unidades\/","title":{"rendered":"Colectivos bonaerenses deber\u00e1n instalar c\u00e1maras de seguridad en sus unidades"},"content":{"rendered":"<p><em><a href=\"http:\/\/www.elsindical.com.ar\/notas\/var\/www\/html\/notas\/wp-content\/uploads\/2014\/06\/chofer-de-colectivo.jpg\"><img loading=\"lazy\" decoding=\"async\" class=\"alignnone size-medium wp-image-43301\" src=\"http:\/\/www.elsindical.com.ar\/notas\/var\/www\/html\/notas\/wp-content\/uploads\/2014\/06\/chofer-de-colectivo-300x199.jpg\" alt=\"chofer-de-colectivo\" width=\"300\" height=\"199\" srcset=\"https:\/\/www.elsindical.com.ar\/notas\/var\/www\/html\/notas\/wp-content\/uploads\/2014\/06\/chofer-de-colectivo-300x199.jpg 300w, https:\/\/www.elsindical.com.ar\/notas\/var\/www\/html\/notas\/wp-content\/uploads\/2014\/06\/chofer-de-colectivo.jpg 443w\" sizes=\"auto, (max-width: 300px) 100vw, 300px\" \/><\/a>El plazo para que las empresas cumplan con la nueva normativa se extiende hasta el 1 de enero de 2015.<\/em><\/p>\n<p>Las empresas prestatarias del servicio p\u00fablico de autotransporte de pasajeros de corta y media distancia deber\u00e1n incorporar videoc\u00e1maras en sus unidades a fin de garantizar la seguridad de los pasajeros, de acuerdo a la resoluci\u00f3n 374 de la Agencia Provincial del Transporte, dependiente del Gobierno bonaerense, que da un plazo hasta el 1 de enero de 2015 para cumplir con la obligaci\u00f3n.<\/p>\n<p>Seg\u00fan explica la disposici\u00f3n, publicada hoy en el Bolet\u00edn Oficial, la Provincia ya puso en marcha un plan para la implementaci\u00f3n de botones antip\u00e1nico en las unidades de micros de jurisdicci\u00f3n provincial, lo que las vincula con el sistema de alerta al 911.<\/p>\n<p>Recientemente, detalla la disposici\u00f3n, se aprob\u00f3 una prueba piloto junto con el ministerio de Seguridad provincial y la UTA en unidades de la l\u00ednea 338 para la colocaci\u00f3n de c\u00e1maras en los veh\u00edculos, prueba que fue evaluada como positiva ya que \u201cresulta adecuado y eficiente complemento a la presencia policial en los distintos puntos a lo largo de los recorridos del transporte p\u00fablico.<\/p>\n<p><strong>La resoluci\u00f3n.<\/strong> Precisa que a mediados de septiembre se acord\u00f3 con las c\u00e1maras del sector \u201cllevar un proceso de implementaci\u00f3n gradual, comenzando por la colocaci\u00f3n en un n\u00famero de unidades equivalentes al parque asignado a servicios nocturnos\u201d.<\/p>\n<p>El art\u00edculo 2 de la resoluci\u00f3n establece que \u201ctodos los veh\u00edculos que se incorporen al parque m\u00f3vil autorizado de las empresas deber\u00e1n contar con videoc\u00e1maras a partir de la entrada en vigencia de la presente\u201d.<\/p>\n<p>La disposici\u00f3n invita a los municipios a dictar normas que impongan las mismas exigencias en materia de seguridad para los servicios comunales.<\/p>\n","protected":false},"excerpt":{"rendered":"<p>El plazo para que las empresas cumplan con la nueva normativa se extiende hasta el 1 de enero de 2015. Las empresas prestatarias del servicio p\u00fablico de autotransporte de pasajeros de corta y media distancia deber\u00e1n incorporar videoc\u00e1maras en sus unidades a fin de garantizar la seguridad de los pasajeros, de acuerdo a la resoluci\u00f3n&hellip;<\/p>\n","protected":false},"author":1,"featured_media":0,"comment_status":"open","ping_status":"open","sticky":false,"template":"","format":"standard","meta":{"footnotes":""},"categories":[25],"tags":[614,1295,1061,7790,1947,877],"class_list":["post-46131","post","type-post","status-publish","format-standard","hentry","category-sociedad","tag-614","tag-boletin-oficial","tag-camaras","tag-gobierno-bonaerense","tag-ministerio-de-seguridad","tag-uta"],"_links":{"self":[{"href":"https:\/\/www.elsindical.com.ar\/notas\/wp-json\/wp\/v2\/posts\/46131","targetHints":{"allow":["GET"]}}],"collection":[{"href":"https:\/\/www.elsindical.com.ar\/notas\/wp-json\/wp\/v2\/posts"}],"about":[{"href":"https:\/\/www.elsindical.com.ar\/notas\/wp-json\/wp\/v2\/types\/post"}],"author":[{"embeddable":true,"href":"https:\/\/www.elsindical.com.ar\/notas\/wp-json\/wp\/v2\/users\/1"}],"replies":[{"embeddable":true,"href":"https:\/\/www.elsindical.com.ar\/notas\/wp-json\/wp\/v2\/comments?post=46131"}],"version-history":[{"count":1,"href":"https:\/\/www.elsindical.com.ar\/notas\/wp-json\/wp\/v2\/posts\/46131\/revisions"}],"predecessor-version":[{"id":46132,"href":"https:\/\/www.elsindical.com.ar\/notas\/wp-json\/wp\/v2\/posts\/46131\/revisions\/46132"}],"wp:attachment":[{"href":"https:\/\/www.elsindical.com.ar\/notas\/wp-json\/wp\/v2\/media?parent=46131"}],"wp:term":[{"taxonomy":"category","embeddable":true,"href":"https:\/\/www.elsindical.com.ar\/notas\/wp-json\/wp\/v2\/categories?post=46131"},{"taxonomy":"post_tag","embeddable":true,"href":"https:\/\/www.elsindical.com.ar\/notas\/wp-json\/wp\/v2\/tags?post=46131"}],"curies":[{"name":"wp","href":"https:\/\/api.w.org\/{rel}","templated":true}]}}