{"id":46060,"date":"2014-10-07T18:08:29","date_gmt":"2014-10-07T21:08:29","guid":{"rendered":"http:\/\/www.elsindical.com.ar\/notas\/?p=46060"},"modified":"2014-10-07T18:29:42","modified_gmt":"2014-10-07T21:29:42","slug":"avellaneda-territorio-de-delitos","status":"publish","type":"post","link":"https:\/\/www.elsindical.com.ar\/notas\/avellaneda-territorio-de-delitos\/","title":{"rendered":"Avellaneda, territorio de delitos"},"content":{"rendered":"<p><a href=\"http:\/\/www.elsindical.com.ar\/notas\/var\/www\/html\/notas\/wp-content\/uploads\/2014\/10\/armas-y-drogas.jpg\"><img loading=\"lazy\" decoding=\"async\" class=\"alignnone size-medium wp-image-46061\" src=\"http:\/\/www.elsindical.com.ar\/notas\/var\/www\/html\/notas\/wp-content\/uploads\/2014\/10\/armas-y-drogas-300x225.jpg\" alt=\"armas-y-drogas\" width=\"300\" height=\"225\" srcset=\"https:\/\/www.elsindical.com.ar\/notas\/var\/www\/html\/notas\/wp-content\/uploads\/2014\/10\/armas-y-drogas-300x225.jpg 300w, https:\/\/www.elsindical.com.ar\/notas\/var\/www\/html\/notas\/wp-content\/uploads\/2014\/10\/armas-y-drogas-399x300.jpg 399w, https:\/\/www.elsindical.com.ar\/notas\/var\/www\/html\/notas\/wp-content\/uploads\/2014\/10\/armas-y-drogas.jpg 531w\" sizes=\"auto, (max-width: 300px) 100vw, 300px\" \/><\/a>\u00a0\u00a0\u00a0\u00a0 Desde ya hace varios a\u00f1os, los vecinos del partido de Avellaneda, tuvieron que acostumbrarse a una dura realidad, el delito no distingue de condiciones, poco importa hoy si uno posee alarmas, cuidados especiales durante la jornada diaria, si es una persona de fortuna o simplemente un trabajador, los delincuentes no distinguen a la hora de consumar sus delitos, que pueden ser desde el robo, la violaci\u00f3n, las lesiones y las amenazas.<\/p>\n<p>Mucho se ha escrito respecto a la inseguridad en Avellaneda e incluso algunos se \u201cvenden\u201d como especialistas en seguridad, mientras ocultan sus \u00fanicas y reales intenciones, sumar poder y dinero.<\/p>\n<p>En la provincia de Buenos Aires, la gesti\u00f3n de Daniel Scioli, no ha sabido estar a la altura de las circunstancias frente a los reclamos de los vecinos por la inseguridad que no solo mata, sino avanza de la mano de la impunidad, con un Poder Judicial desdibujado por las irritantes decisiones de algunos Fiscales o Jueces que permiten la excarcelaci\u00f3n de cualquier delito, alimentando las p\u00e1ginas de los medios que m\u00e1s tarde escribir\u00e1n sobre los delincuentes reincidentes y de los que gozaban de algunos de los tipos de libertad asistida o condicional.<\/p>\n<p>El 8 de agosto de 2014<strong>, Daniel Scioli <\/strong>dec\u00eda: <em>\u201cE<\/em><em>s mi compromiso dar respuestas a los ciudadanos cuando reclaman por mayor seguridad y justicia. Por eso inauguramos los Comandos de Prevenci\u00f3n Comunitaria (CPC) en distintos puntos de la Provincia para que nuestros vecinos vivan con m\u00e1s tranquilidad.\u201d<\/em><\/p>\n<p>&nbsp;<\/p>\n<p><strong>Avellaneda<\/strong><\/p>\n<p>&nbsp;<\/p>\n<p>Avellaneda lamentablemente no ha sido la excepci\u00f3n, y hemos pagado con vidas de vecinos asesinados, la inoperancia de las m\u00e1ximas autoridades policiales, en algunos hechos criminales y en otros la \u201cprotecci\u00f3n pol\u00edtica\u201d de conocidos delincuentes a los que a veces se les va la mano.<\/p>\n<p>A nivel local, los pol\u00edticos y funcionarios no ayudan mucho, con una oposici\u00f3n poco comprometida con el tema seguridad, que acostumbra a realizar discursos en el HCD, o hacer pedidos de informes irrelevantes, para simplemente demostrar o parecer que demuestran inter\u00e9s.<\/p>\n<p>En ese universo de funcionarios y pol\u00edticos encontramos tal vez, una explicaci\u00f3n de los motivos por los cuales la gente ya descree de cualquier medida que se anuncie, porque lo que se quiera incorporar y que seguramente en otros lugares funciona, al ser tocado por la mano pol\u00edtica local, se transforma en algo in\u00fatil y caro.<\/p>\n<p>Con la excusa de mejorar la seguridad en el partido se han gastado ya millones de pesos, de los cuales no se ha rendido cuentas, no se publican las licitaciones p\u00fablicas y no se permite el acceso a la informaci\u00f3n de los actos de gobierno.<\/p>\n<p>Todo es marketing de campa\u00f1a, se anuncian en los medios con pauta oficial inversiones millonarias en c\u00e1maras, equipamiento, m\u00f3viles y luego uno ve en la calle, las patrullas tripuladas por un solo efectivo policial, las patrullas destruidas que apenas circulan, mucho menos se puede esperar puedan iniciar una persecuci\u00f3n, m\u00f3viles cuidando las casas de funcionarios pol\u00edticos, ah\u00ed s\u00ed uno ve dos polic\u00edas en el patrullero y otros dos recorriendo la cuadra, como pasa con varios domicilios de Quinta Galli, por ejemplo.<\/p>\n<p>A esta altura de lo que nos pasa como vecinos, y lo que vivimos d\u00eda a d\u00eda, la peor gesti\u00f3n se la lleva el ministro de seguridad Granados, a quien se lo ve seguido junto al intendente Jorge Ferraresi en fotos de firmas de convenios, que no se sabe luego si se llevan a la pr\u00e1ctica o es solo un acto m\u00e1s para la foto pol\u00edtica de la semana.<\/p>\n<p>En el plano local, nadie se explica c\u00f3mo se sostiene el secretario de gobierno y seguridad Pablo Vera, el que parece no ser el funcionario pol\u00edtico responsable de la seguridad, porque todas las puteadas siempre van dirigidas a la subsecretaria de seguridad M\u00f3nica Ghirelli, incluso alg\u00fan supuesto medio de prensa local, la ha tomado como blanco de cr\u00edticas y pedidos de renuncia, pero evita mencionar al superior de esta, \u00bfpor qu\u00e9 ser\u00e1?.<\/p>\n<p>Y as\u00ed Avellaneda, est\u00e1 inmersa en una ola delictiva compleja, ya no se trata solamente de los marginados o adictos locales que salen a robar, muchos de los detenidos en el \u00faltimo tiempo suelen ser residentes de villas de partidos lim\u00edtrofes y un gran n\u00famero de villas de la Capital Federal.<\/p>\n<p>Tenemos como principales delitos, los robos a mano armada, de veh\u00edculos, de peatones, las entraderas, robos a comercios, lesiones en ocasi\u00f3n de robo, hurtos, privaciones de la libertad, abusos, vandalismo, amenazas, venta de drogas, usurpaciones, corrupci\u00f3n. No hay barrio seguro en esta Avellaneda actual, incluso calles de Avellaneda Centro son peligrosas para circular caminando porque todos los d\u00edas hay v\u00edctimas de robos.<\/p>\n<p>La llegada del Comisario Mayor Claudio Blanco como Jefe Departamental Lan\u00fas &#8211; Avellaneda, en medio de los reclamos de seguridad, a\u00fan no ha dado sus frutos, los delitos han ido en aumento, las internas policiales han dejado una herida importante que afecta y mucho el trabajo policial, no es una jefatura sencilla, han pasado en breve tiempo muchos Comisarios Mayores, porque Lan\u00fas tambi\u00e9n es muy complejo y con un elevado \u00edndice de delitos.<\/p>\n<p>&nbsp;<\/p>\n<p><strong>Reclamos de seguridad<\/strong><\/p>\n<p>&nbsp;<\/p>\n<p>En el orden de los reclamos sobre seguridad, ya hemos desarrollado un an\u00e1lisis \u00fanico, ya que los medios no suelen publicar investigaciones period\u00edsticas o editoriales al respecto porque no investigan o porque no les conviene desarrollar lo que muchos saben.<\/p>\n<p>Existen personas v\u00edctimas de la inseguridad que han sido enga\u00f1adas por personajes que solo persiguen un fin pol\u00edtico o econ\u00f3mico, y como dicen el tiempo siempre acomoda las cosas, no es muy dif\u00edcil ver, como alg\u00fan agitador que ve\u00eda todo mal, que arengaba a la gente y armaba historias policiales negras, de un d\u00eda para el otro, parecer\u00eda que esos funcionarios se\u00f1alados, encontraron \u201cla soluci\u00f3n\u201d a la inseguridad, eso s\u00ed, nos siguen robando y matando, pero ahora, los acusados de inoperantes, son entrevistados, se les permite explicar que no pudieron detener a nadie, pero que los delincuentes huyeron por la rapidez con la que llegaban los m\u00f3viles, a ver, no hay detenidos, el robo se consumo, no hay pistas, \u00bfcambio algo?, ah s\u00ed, que ahora estos hechos son vistos por el interesado con otros ojos menos inquisidores y cualquier respuesta es transmitida como que se est\u00e1 haciendo.<\/p>\n<p>Quien sepa leer y comprender lo que lee, debe buscar una coherencia en lo que se intenta difundir, hay quienes no se sabe de qu\u00e9 viven, pero est\u00e1n por ah\u00ed, pase\u00e1ndose por Avellaneda, siempre cerca de alg\u00fan pol\u00edtico, a veces muy cerca, le cubren actos, pero estando tan cerca no ven muchas cosas que los vecinos denuncian.<\/p>\n<p>Por ejemplo el doble discurso de reclamar seguridad y respuestas, pero dejar de lado a algunos de los responsables de forma adrede, reclamar seguridad y justicia y omitir informar que algunos concejales suelen darles \u201cuna manito\u201d a grupos de delincuentes locales, en esto hemos sido el \u00fanico medio, que llev\u00f3 una denuncia a la justicia por motochorros a los que se les liberaban zonas de Avellaneda, una causa por la que a\u00fan no se han animado a citar al intendente.<\/p>\n<p>Por estos d\u00edas en los que tambi\u00e9n se critica y algunos se preguntan si las 30 camionetas que se presentaron en un acto en las puertas del CPC Avellaneda, eran nuevas o no, les digo que es evidente que no estuvieron en el acto, ya que el propio subsecretario del ministerio de seguridad bonaerense Amarilla, aclar\u00f3 que algunos m\u00f3viles eran nuevos y otros no. Para el caso, poco importa esto, cuando desde el municipio se no rinde cuentas de los millones invertidos supuestamente en seguridad, cuando hay concejales que piden seguridad y la Gendarmer\u00eda para despu\u00e9s hacer llamados pidiendo por la libertad de dos muchachos a bordo de una moto con un arma, a los que si bien no se los detuvo durante un hecho de robo, no ten\u00edan forma de explicar qu\u00e9 andaban haciendo por el barrio de Sarand\u00ed, este hecho tom\u00f3 estado p\u00fablico por las redes sociales, polic\u00edas escribieron molestos porque un concejal hab\u00eda llamado para interceder por la pareja de j\u00f3venes a la comisar\u00eda 4ta de Sarand\u00ed, y logr\u00f3 que los mismos se retiraran, lo que indigno a polic\u00edas y vecinos que no paran justamente de quejarse de la comisar\u00eda 4ta.<\/p>\n<p>Seg\u00fan el joven militante y pol\u00edtico que sufriera un atentado que \u00e9l mismo denunciara oportunamente, Enrique Pini, detr\u00e1s del llamado a la comisar\u00eda est\u00e1 el concejal Armando Bertolotto, al igual que algunos de los que los vecinos de Sarand\u00ed tienen marcados como delincuentes, que han presentado al intendente notas denunciando los hechos, involucran al concejal H\u00e9ctor Villagra, de quien refieren ha hecho campa\u00f1a prometiendo mejoras en la construcci\u00f3n de viviendas de gente que est\u00e1 en viviendas tomadas, una de las denunciantes, no solo posee varias notas recibidas en la privada del municipio, sino que nos relata ha mantenido reuniones con autoridades municipales y policiales, sin que las cosas hayan cambiado, recuerda que cuando se menciona a pol\u00edticos muy puntuales, siempre se hace un silencio, tal vez ese mismo silencio que nadie rompe para explicar la presencia de conocidos delincuentes circulando por la ciudad con autos o motos de alta gama, las inversiones de desconocidos que lavan dinero en emprendimientos inmobiliarios.<\/p>\n<p>Con esto no podemos acusar a los concejales de algo concreto, tal vez, Bertolotto ahora es un activo militante de los derechos humanos y quiso saber c\u00f3mo estaban los muchachos, no lo sabemos, por eso la necesidad de destacar que los pol\u00edticos tienen que explicar sobre sus actos que no son privados e involucran al resto de la sociedad, porque si su llamado fue por un acto humanitario, estar\u00eda bueno que lo cuente, lo mismo Villagra, quien sigue sin explicar sobre las patotas que \u00e9l mismo neg\u00f3 en conferencia de prensa tener y fue m\u00e1s all\u00e1 dijo que repudiaba a la gente que se manejaba as\u00ed, podr\u00eda contarnos si el resto de los vecinos pueden acceder a ayudas de las que dicen que brinda, no tiene nada de malo ser solidario, eso s\u00ed, si es con recursos de todos, para todos.<\/p>\n<p>Estos mismos vecinos son los que escriben a algunos de los supuestos periodistas interesados en la seguridad, que escriben y describen graves situaciones que despu\u00e9s se pierden en el olvido, que no han presentado una solo denuncia de todo lo que dicen saber, y que incluso dan prensa a varios de los mencionados por los vecinos como \u201cprotectores\u201d de gente que sin trabajar circulan en motos, utilizan celulares de alta gama, visten prendas caras y no de feria.<\/p>\n<p>Ni Bertolotto, ni Villagra, han respondido a los pedidos de entrevista para que aclaren estas cosas, no a nuestro medio, sino a los vecinos, ser\u00eda sano, que aceptaran responder por lo menos un cuestionario v\u00eda mail, porque ustedes son pol\u00edticos, que se supone representan a los vecinos en beneficio de todos los vecinos y no de ustedes y su entorno, podr\u00e1n pagar todas las pautas posibles para que otros medios omitan los reclamos de los vecinos, podr\u00e1n meter miedo mostr\u00e1ndose rodeados de \u201cmatones\u201d que impunemente les permiten ingresar a lugares del HCD a los que ni siquiera los que tienen que trabajar les permiten hacerlo sin presentar hasta el certificado m\u00e9dico.<\/p>\n<p>Eso se\u00f1ores tambi\u00e9n forma parte de la inseguridad, que seguridad prometen si instituciones como el HCD, no son seguras.<\/p>\n<p>En pr\u00f3ximos informes iremos describiendo las caras responsables de la inseguridad en Avellaneda, para que todos los vecinos sepan, qui\u00e9n es qui\u00e9n en esta historia.<\/p>\n<p>Los funcionarios judiciales tienen un rol muy importante en lo que a la inseguridad se refiere, cuando alegremente disponen libertades de sujetos armados, con drogas, con motos y autos robados, cuando todo es lo mismo, los delincuentes entienden que no hay castigo para el que delinque, por lo tanto continuar\u00e1 siendo delincuente.<\/p>\n<p>Sepan se\u00f1ores, que por m\u00e1s que amenacen la verdad no se puede tapar, y que hace tiempo, antes de publicar, se han dejado material sobre cada uno de los que se menciona, para ser presentado en la justicia y los medios en caso de que sufriera un \u201caccidente\u201d.<\/p>\n<p>Nuestro compromiso como medio period\u00edstico, es con los vecinos y la sociedad, muchos de los pol\u00edticos que se quejan de las publicaciones, son los mismos que no aceptan entrevistas o bien responder cuestionarios v\u00eda mail si eso les da mayor seguridad, por el contrario prefieren victimizarse, cuando quien nada esconde deber\u00eda responder, obvio que es m\u00e1s c\u00f3modo dar entrevistas a los medios con los que se tiene pauta, pero eso deber\u00edan dejarlo para las campa\u00f1as.<\/p>\n<p>Quien sabe nos sorprenden y tienen una explicaci\u00f3n para muchas de las cosas que los vecinos les achacan, cada uno sabr\u00e1, con esta posici\u00f3n, en la que incluyo al intendente Jorge Ferraresi, de no explicar a los vecinos por qu\u00e9 no se atienden ciertos reclamos, por qu\u00e9 se sostienen algunos funcionarios, y a la totalidad de los concejales por qu\u00e9 se permite el ingreso de patotas al HCD, son preguntas que necesitan respuestas.<\/p>\n<p>Agradecemos a todos los vecinos su colaboraci\u00f3n, a los que nos preguntan por determinadas denuncias que no se han publicado es porque se est\u00e1n trabajando o necesitamos que nos aporten m\u00e1s datos, somos independientes, pero no podemos publicar hechos que no se puedan probar, por eso el requisito de que el denunciante se identifique, preservamos las fuentes, pero necesitamos estar seguros de que no hay otros intereses detr\u00e1s de la denuncia. Nos han llegado muchas denuncias an\u00f3nimas sobre la polic\u00eda de Avellaneda, vamos a ir investigando dentro de lo que se pueda, pero ahora que funciona una dependencia de Asuntos Internos en las oficinas del CPC local, tal vez ser\u00eda una opci\u00f3n llevar las mismas a esa dependencia, donde aceptan denuncias an\u00f3nimas y tienen en teor\u00eda los recursos necesarios para investigar esas denuncias.<\/p>\n<p>Aclarado los puntos, los invitamos a debatir qu\u00e9 nos pasa a los vecinos de Avellaneda, que nos hace muchas veces mirar para otro lado, a no ser solidarios con las v\u00edctimas y no involucrarse, hay muchas formas de participar por una sociedad mejor, la calle, las marchas, no son la \u00fanica forma, pero participar e involucrarse es lo \u00fanico que puede generar un cambio.<\/p>\n<p>&nbsp;<\/p>\n<p><em><strong>Por Marcelo Ricardo Hawrylciw<\/strong><\/em><\/p>\n","protected":false},"excerpt":{"rendered":"<p>\u00a0\u00a0\u00a0\u00a0 Desde ya hace varios a\u00f1os, los vecinos del partido de Avellaneda, tuvieron que acostumbrarse a una dura realidad, el delito no distingue de condiciones, poco importa hoy si uno posee alarmas, cuidados especiales durante la jornada diaria, si es una persona de fortuna o simplemente un trabajador, los delincuentes no distinguen a la hora&hellip;<\/p>\n","protected":false},"author":1,"featured_media":0,"comment_status":"open","ping_status":"open","sticky":false,"template":"","format":"standard","meta":{"footnotes":""},"categories":[10],"tags":[1285,461,18811,983,19900,16587,16470,984,19899,986],"class_list":["post-46060","post","type-post","status-publish","format-standard","hentry","category-editorial","tag-armando-bertolotto","tag-avellaneda","tag-cpc","tag-daniel-scioli","tag-enrique-pini","tag-hcd","tag-hector-villagra","tag-inseguridad","tag-jefatura-deartamental-lanus","tag-vecinos"],"_links":{"self":[{"href":"https:\/\/www.elsindical.com.ar\/notas\/wp-json\/wp\/v2\/posts\/46060","targetHints":{"allow":["GET"]}}],"collection":[{"href":"https:\/\/www.elsindical.com.ar\/notas\/wp-json\/wp\/v2\/posts"}],"about":[{"href":"https:\/\/www.elsindical.com.ar\/notas\/wp-json\/wp\/v2\/types\/post"}],"author":[{"embeddable":true,"href":"https:\/\/www.elsindical.com.ar\/notas\/wp-json\/wp\/v2\/users\/1"}],"replies":[{"embeddable":true,"href":"https:\/\/www.elsindical.com.ar\/notas\/wp-json\/wp\/v2\/comments?post=46060"}],"version-history":[{"count":6,"href":"https:\/\/www.elsindical.com.ar\/notas\/wp-json\/wp\/v2\/posts\/46060\/revisions"}],"predecessor-version":[{"id":46067,"href":"https:\/\/www.elsindical.com.ar\/notas\/wp-json\/wp\/v2\/posts\/46060\/revisions\/46067"}],"wp:attachment":[{"href":"https:\/\/www.elsindical.com.ar\/notas\/wp-json\/wp\/v2\/media?parent=46060"}],"wp:term":[{"taxonomy":"category","embeddable":true,"href":"https:\/\/www.elsindical.com.ar\/notas\/wp-json\/wp\/v2\/categories?post=46060"},{"taxonomy":"post_tag","embeddable":true,"href":"https:\/\/www.elsindical.com.ar\/notas\/wp-json\/wp\/v2\/tags?post=46060"}],"curies":[{"name":"wp","href":"https:\/\/api.w.org\/{rel}","templated":true}]}}