{"id":45956,"date":"2014-10-03T11:47:22","date_gmt":"2014-10-03T14:47:22","guid":{"rendered":"http:\/\/www.elsindical.com.ar\/notas\/?p=45956"},"modified":"2014-10-03T11:47:22","modified_gmt":"2014-10-03T14:47:22","slug":"avellanedajorge-daniel-gamarra-es-el-nuevo-presidente-del-frente-renovador-en-el-hcd","status":"publish","type":"post","link":"https:\/\/www.elsindical.com.ar\/notas\/avellanedajorge-daniel-gamarra-es-el-nuevo-presidente-del-frente-renovador-en-el-hcd\/","title":{"rendered":"Avellaneda:Jorge Daniel Gamarra es el nuevo presidente del Frente Renovador en el HCD"},"content":{"rendered":"<p><a href=\"http:\/\/www.elsindical.com.ar\/notas\/var\/www\/html\/notas\/wp-content\/uploads\/2014\/01\/Concejal-Jorge-Gamarra.jpg\"><img loading=\"lazy\" decoding=\"async\" class=\"alignnone size-medium wp-image-40377\" src=\"http:\/\/www.elsindical.com.ar\/notas\/var\/www\/html\/notas\/wp-content\/uploads\/2014\/01\/Concejal-Jorge-Gamarra-300x240.jpg\" alt=\"Concejal-Jorge-Gamarra\" width=\"300\" height=\"240\" srcset=\"https:\/\/www.elsindical.com.ar\/notas\/var\/www\/html\/notas\/wp-content\/uploads\/2014\/01\/Concejal-Jorge-Gamarra-300x240.jpg 300w, https:\/\/www.elsindical.com.ar\/notas\/var\/www\/html\/notas\/wp-content\/uploads\/2014\/01\/Concejal-Jorge-Gamarra-374x300.jpg 374w, https:\/\/www.elsindical.com.ar\/notas\/var\/www\/html\/notas\/wp-content\/uploads\/2014\/01\/Concejal-Jorge-Gamarra.jpg 443w\" sizes=\"auto, (max-width: 300px) 100vw, 300px\" \/><\/a>Reemplazar\u00e1 al fallecido Gustavo Breque. Desde el sector de Jos\u00e9 Alessi respaldaron la designaci\u00f3n, destacando que era necesario que el elegido sea un pol\u00edtico del sector del senador provincial\u00a0y ex intendente Cacho \u00c1lvarez de Olivera.<\/p>\n<p>Gamarra se\u00f1al\u00f3 que \u201clo m\u00e1s preocupante hoy es el tema de la inseguridad y de la econom\u00eda\u201d. \u201cTemas como la inflaci\u00f3n, la gente que est\u00e1 perdiendo su trabajo, la que tiene miedo de perderlo, las que le dieron vacaciones forzadas o suspensiones, realmente est\u00e1 complicado\u201d.<\/p>\n<p>Por estos d\u00edas Gamarra fue llevado por el concejal Armando Bertolotto, del otro espacio massista que apoya al intendente Jorge Ferraresi\u00a0a una discusi\u00f3n fuera del plano pol\u00edtico, y que m\u00e1s tiene que ver con cuestiones personales, tal vez con la seguridad de que muchos callan los esc\u00e1ndalos que durante sus a\u00f1os como pol\u00edtico ha sabido cosechar Armando Bertolotto.<\/p>\n<p>Gamarra indic\u00f3 que \u201clas puertas est\u00e1n abiertas para poder llevar adelante una pol\u00edtica de conjunto\u201d pero aclar\u00f3 que \u201choy por hoy, las conversaciones est\u00e1n quietas\u201d.<\/p>\n<p>\u201cNo tengo problemas en hablar con ellos, en buscar un acercamiento m\u00e1s profundo. Pero por m\u00e1s que actuemos juntos, todos se va dirimir en las PASO del a\u00f1o que viene. Por m\u00e1s que actuemos conjuntamente en el Concejo Deliberante no quiere decir que pensemos igual. \u00c9l tiene una posici\u00f3n, quiere depositar un intendente que no es el nuestro, as\u00ed que eso se va a dirimir el a\u00f1o que viene: el que gana conduce y el que pierde acompa\u00f1a, ese va a ser nuestro lema siempre\u201d, complet\u00f3.<\/p>\n<p>&nbsp;<\/p>\n","protected":false},"excerpt":{"rendered":"<p>Reemplazar\u00e1 al fallecido Gustavo Breque. Desde el sector de Jos\u00e9 Alessi respaldaron la designaci\u00f3n, destacando que era necesario que el elegido sea un pol\u00edtico del sector del senador provincial\u00a0y ex intendente Cacho \u00c1lvarez de Olivera. Gamarra se\u00f1al\u00f3 que \u201clo m\u00e1s preocupante hoy es el tema de la inseguridad y de la econom\u00eda\u201d. \u201cTemas como la&hellip;<\/p>\n","protected":false},"author":1,"featured_media":0,"comment_status":"open","ping_status":"open","sticky":false,"template":"","format":"standard","meta":{"footnotes":""},"categories":[13],"tags":[1285,19864,16587,19865,1062],"class_list":["post-45956","post","type-post","status-publish","format-standard","hentry","category-politica","tag-armando-bertolotto","tag-cacho-alvarez-de-olivera","tag-hcd","tag-jorge-daniel-gamarra","tag-jorge-ferraresi"],"_links":{"self":[{"href":"https:\/\/www.elsindical.com.ar\/notas\/wp-json\/wp\/v2\/posts\/45956","targetHints":{"allow":["GET"]}}],"collection":[{"href":"https:\/\/www.elsindical.com.ar\/notas\/wp-json\/wp\/v2\/posts"}],"about":[{"href":"https:\/\/www.elsindical.com.ar\/notas\/wp-json\/wp\/v2\/types\/post"}],"author":[{"embeddable":true,"href":"https:\/\/www.elsindical.com.ar\/notas\/wp-json\/wp\/v2\/users\/1"}],"replies":[{"embeddable":true,"href":"https:\/\/www.elsindical.com.ar\/notas\/wp-json\/wp\/v2\/comments?post=45956"}],"version-history":[{"count":1,"href":"https:\/\/www.elsindical.com.ar\/notas\/wp-json\/wp\/v2\/posts\/45956\/revisions"}],"predecessor-version":[{"id":45957,"href":"https:\/\/www.elsindical.com.ar\/notas\/wp-json\/wp\/v2\/posts\/45956\/revisions\/45957"}],"wp:attachment":[{"href":"https:\/\/www.elsindical.com.ar\/notas\/wp-json\/wp\/v2\/media?parent=45956"}],"wp:term":[{"taxonomy":"category","embeddable":true,"href":"https:\/\/www.elsindical.com.ar\/notas\/wp-json\/wp\/v2\/categories?post=45956"},{"taxonomy":"post_tag","embeddable":true,"href":"https:\/\/www.elsindical.com.ar\/notas\/wp-json\/wp\/v2\/tags?post=45956"}],"curies":[{"name":"wp","href":"https:\/\/api.w.org\/{rel}","templated":true}]}}