{"id":45948,"date":"2014-10-02T20:26:28","date_gmt":"2014-10-02T23:26:28","guid":{"rendered":"http:\/\/www.elsindical.com.ar\/notas\/?p=45948"},"modified":"2014-10-02T20:26:28","modified_gmt":"2014-10-02T23:26:28","slug":"avellanedados-mujeres-quedaron-en-la-calle-tras-el-incendio-de-su-casa","status":"publish","type":"post","link":"https:\/\/www.elsindical.com.ar\/notas\/avellanedados-mujeres-quedaron-en-la-calle-tras-el-incendio-de-su-casa\/","title":{"rendered":"Avellaneda:Dos mujeres quedaron en la calle tras el incendio de su casa"},"content":{"rendered":"<p><em><a href=\"http:\/\/www.elsindical.com.ar\/notas\/var\/www\/html\/notas\/wp-content\/uploads\/2014\/10\/encadenada-Avellaneda.jpg\"><img loading=\"lazy\" decoding=\"async\" class=\"alignnone size-medium wp-image-45949\" src=\"http:\/\/www.elsindical.com.ar\/notas\/var\/www\/html\/notas\/wp-content\/uploads\/2014\/10\/encadenada-Avellaneda-300x189.jpg\" alt=\"encadenada-Avellaneda\" width=\"300\" height=\"189\" srcset=\"https:\/\/www.elsindical.com.ar\/notas\/var\/www\/html\/notas\/wp-content\/uploads\/2014\/10\/encadenada-Avellaneda-300x189.jpg 300w, https:\/\/www.elsindical.com.ar\/notas\/var\/www\/html\/notas\/wp-content\/uploads\/2014\/10\/encadenada-Avellaneda-475x300.jpg 475w, https:\/\/www.elsindical.com.ar\/notas\/var\/www\/html\/notas\/wp-content\/uploads\/2014\/10\/encadenada-Avellaneda.jpg 531w\" sizes=\"auto, (max-width: 300px) 100vw, 300px\" \/><\/a>Triste historia en\u00a0Avellaneda. Una mujer de 75 a\u00f1os opt\u00f3 por atarse con cadenas a las rejas de la puerta de la vivienda en la que habita con una amiga y la cual se incendi\u00f3 hace casi una semana. Ambas piden ayuda desesperadamente: \u00abNo tenemos d\u00f3nde ir. Estamos en manos de Dios\u00bb, sostuvieron.<\/em><\/p>\n<p>\u201c<em>Estamos a la deriva, en manos de Dios<\/em>\u201d, alcanza a pronunciar entre sollozos y l\u00e1grimas <strong>Marta Rosenberg<\/strong> (58), una mujer que acaba de perder todo a ra\u00edz del incendio que sufri\u00f3 la vivienda que habitaba con una amiga en el partido de Avellaneda. Por eso, <strong>Hilda Varela<\/strong> (75) decidi\u00f3 encadenarse a la puerta de la casa en reclamo de ayuda, ya que es la \u00fanica manera en que las dos puedan sobrevivir. Solo apelan a su fe y a la solidaridad de los vecinos que hasta ahora han colaborado acerc\u00e1ndoles alimentos y bebidas.<\/p>\n<p>El inmueble de la calle Zeballos 1690, que las alberga desde hace m\u00e1s de 4 a\u00f1os, fue consumido por voraces llamas que arrasaron con todo: documentaci\u00f3n, ahorros, electrodom\u00e9sticos. El incendio, que tuvo lugar el s\u00e1bado pasado, se habr\u00eda desatado por un cortocircuito el\u00e9ctrico cuando ellas estaban en el hospital por ser sometidas a estudios m\u00e9dicos. \u201c<em>Nos llamaron para avisarnos que la casa hab\u00eda explotado<\/em>\u201d, recuerda con dolor Hilda el llamado de un vecino mientras los bomberos extingu\u00edan el fuego. Las mujeres se encuentran desde entonces desesperadas, encerradas en un peque\u00f1o reducto de la cocina, agobiadas por un intenso olor a humo y rodeadas por restos de oll\u00edn y cosas incineradas.<\/p>\n<p>La cr\u00edtica situaci\u00f3n llev\u00f3 a Hilda a tomar la decisi\u00f3n de atarse con cadenas a las rejas de la propiedad, en verdad, de lo que todav\u00eda contin\u00faa en pie. Ning\u00fan vecino ni amigo la puede convencer; temen por su fr\u00e1gil estado de salud y por el ataque de nervios que se agrava con los minutos. \u201c<em>Estamos sin agua, ni remedios ni un centavo. La destrucci\u00f3n fue total, perdimos todo. Apelamos a que la gente solidaria nos de una mano<\/em>\u201d, agrega con esperanza Marta, a quien la desvela c\u00f3mo har\u00e1n para recomponerse y donde pasar\u00e1n las noches, porque su hogar est\u00e1 \u201c<em>en ruinas<\/em>\u201d y no apto para ser habitado. Pero ellas hoy no tienen alternativa.<\/p>\n<p>El panorama no podr\u00eda ser m\u00e1s dram\u00e1tico y preocupante para las amigas. La vivienda que habitan es en realidad propiedad de un familiar de Hilda, quien se la hab\u00eda cedido hace varios a\u00f1os por un acuerdo informal. Sin embargo este se\u00f1or, del que prefieren no brindar m\u00e1s detalles por el momento, ya las intim\u00f3 a que desalojen el lugar. \u201c<em>No tenemos d\u00f3nde ir<\/em>\u201d, repiten resignadas. Se aferran a la fe divina y creen en un milagro que las ayude.<\/p>\n<p>En 2012, Marta afirm\u00f3 que una imagen de la Virgen del Rosario de San Nicol\u00e1s que ten\u00eda ubicada en un altar de la vivienda hab\u00eda derramado l\u00e1grimas de sangre en m\u00e1s de una oportunidad. La mujer tambi\u00e9n sostuvo que ella y su compa\u00f1era recib\u00edan mensajes de Jesucristo desde hac\u00eda tiempo. Ahora m\u00e1s que nunca se sostienen en la religi\u00f3n para no perder las esperanzas.<\/p>\n<p><a href=\"http:\/\/www.elsindical.com.ar\/notas\/var\/www\/html\/notas\/wp-content\/uploads\/2014\/10\/casa-quemada-Avellaneda.jpg\"><img loading=\"lazy\" decoding=\"async\" class=\"alignnone size-medium wp-image-45950\" src=\"http:\/\/www.elsindical.com.ar\/notas\/var\/www\/html\/notas\/wp-content\/uploads\/2014\/10\/casa-quemada-Avellaneda-300x174.jpg\" alt=\"casa-quemada-Avellaneda\" width=\"300\" height=\"174\" srcset=\"https:\/\/www.elsindical.com.ar\/notas\/var\/www\/html\/notas\/wp-content\/uploads\/2014\/10\/casa-quemada-Avellaneda-300x174.jpg 300w, https:\/\/www.elsindical.com.ar\/notas\/var\/www\/html\/notas\/wp-content\/uploads\/2014\/10\/casa-quemada-Avellaneda-500x290.jpg 500w, https:\/\/www.elsindical.com.ar\/notas\/var\/www\/html\/notas\/wp-content\/uploads\/2014\/10\/casa-quemada-Avellaneda.jpg 531w\" sizes=\"auto, (max-width: 300px) 100vw, 300px\" \/><\/a><\/p>\n<p>&nbsp;<\/p>\n<p><strong>Fuente: Diario Cr\u00f3nica<\/strong><\/p>\n","protected":false},"excerpt":{"rendered":"<p>Triste historia en\u00a0Avellaneda. Una mujer de 75 a\u00f1os opt\u00f3 por atarse con cadenas a las rejas de la puerta de la vivienda en la que habita con una amiga y la cual se incendi\u00f3 hace casi una semana. Ambas piden ayuda desesperadamente: \u00abNo tenemos d\u00f3nde ir. Estamos en manos de Dios\u00bb, sostuvieron. \u201cEstamos a la&hellip;<\/p>\n","protected":false},"author":1,"featured_media":0,"comment_status":"open","ping_status":"open","sticky":false,"template":"","format":"standard","meta":{"footnotes":""},"categories":[25],"tags":[461,1113,19861,19862,1158,19863],"class_list":["post-45948","post","type-post","status-publish","format-standard","hentry","category-sociedad","tag-avellaneda","tag-casa","tag-crucesita","tag-hilda-varela","tag-incendio","tag-marta-rosemberg"],"_links":{"self":[{"href":"https:\/\/www.elsindical.com.ar\/notas\/wp-json\/wp\/v2\/posts\/45948","targetHints":{"allow":["GET"]}}],"collection":[{"href":"https:\/\/www.elsindical.com.ar\/notas\/wp-json\/wp\/v2\/posts"}],"about":[{"href":"https:\/\/www.elsindical.com.ar\/notas\/wp-json\/wp\/v2\/types\/post"}],"author":[{"embeddable":true,"href":"https:\/\/www.elsindical.com.ar\/notas\/wp-json\/wp\/v2\/users\/1"}],"replies":[{"embeddable":true,"href":"https:\/\/www.elsindical.com.ar\/notas\/wp-json\/wp\/v2\/comments?post=45948"}],"version-history":[{"count":1,"href":"https:\/\/www.elsindical.com.ar\/notas\/wp-json\/wp\/v2\/posts\/45948\/revisions"}],"predecessor-version":[{"id":45951,"href":"https:\/\/www.elsindical.com.ar\/notas\/wp-json\/wp\/v2\/posts\/45948\/revisions\/45951"}],"wp:attachment":[{"href":"https:\/\/www.elsindical.com.ar\/notas\/wp-json\/wp\/v2\/media?parent=45948"}],"wp:term":[{"taxonomy":"category","embeddable":true,"href":"https:\/\/www.elsindical.com.ar\/notas\/wp-json\/wp\/v2\/categories?post=45948"},{"taxonomy":"post_tag","embeddable":true,"href":"https:\/\/www.elsindical.com.ar\/notas\/wp-json\/wp\/v2\/tags?post=45948"}],"curies":[{"name":"wp","href":"https:\/\/api.w.org\/{rel}","templated":true}]}}