{"id":45860,"date":"2014-09-30T01:32:13","date_gmt":"2014-09-30T04:32:13","guid":{"rendered":"http:\/\/www.elsindical.com.ar\/notas\/?p=45860"},"modified":"2014-09-30T01:32:13","modified_gmt":"2014-09-30T04:32:13","slug":"alerta-por-explotacion-laboral-de-empleadas-domesticas","status":"publish","type":"post","link":"https:\/\/www.elsindical.com.ar\/notas\/alerta-por-explotacion-laboral-de-empleadas-domesticas\/","title":{"rendered":"Alerta por explotaci\u00f3n laboral de empleadas dom\u00e9sticas"},"content":{"rendered":"<p><em><a href=\"http:\/\/www.elsindical.com.ar\/notas\/var\/www\/html\/notas\/wp-content\/uploads\/2010\/08\/personal-dom\u00e9stico.jpg\"><img loading=\"lazy\" decoding=\"async\" class=\"alignnone size-full wp-image-8268\" src=\"http:\/\/www.elsindical.com.ar\/notas\/var\/www\/html\/notas\/wp-content\/uploads\/2010\/08\/personal-dom\u00e9stico.jpg\" alt=\"personal-dom\u00e9stico\" width=\"283\" height=\"188\" \/><\/a>El tema se asimila a la trata y de hecho, el reclutamiento se realiza en el mismo lugar donde se capta a mujeres para explotaci\u00f3n sexual. Especialistas en la materia encienden una luz roja por el tema.<\/em><\/p>\n<p>Desde 2008, cuando se tipific\u00f3 el delito de la<b> trata de personas en Argentina,<\/b> se logr\u00f3 rescatar a un total de 7.296 v\u00edctimas. Muchas investigaciones se iniciaron a partir de llamadas al n\u00famero telef\u00f3nico 145, donde se pueden realizar denuncias de manera an\u00f3nima durante las 24 horas.<\/p>\n<p>Las estad\u00edsticas del Ministerio de Justicia de la Naci\u00f3n revelan que el 49% de los hechos fueron por <b>explotaci\u00f3n laboral,<\/b> mayormente en talleres textiles y establecimientos agrarios. Pero hay una modalidad que permanece invisibilizada y que tiene a miles de mujeres sometidas en hogares de familia cumpliendo funciones como empleadas dom\u00e9sticas, absolutamente esclavizadas y despojadas de todos sus derechos. Las propias autoridades aseguran que se requiere del aporte de la sociedad para combatir esta particular problem\u00e1tica.<\/p>\n<p>En di\u00e1logo con <b>Diario Popular<\/b>, <b>Zaida Gatti, <\/b> coordinadora del P<b>rograma Nacional de Rescate a Personas Damnificadas por el Delito de Trata<\/b>, sostuvo que \u00abson muy pocos los casos en los que efectivamente se pudo actuar en relaci\u00f3n a la explotaci\u00f3n laboral puertas adentro de los hogares, y claramente ocurre porque es un delito que a\u00fan no est\u00e1 visibilizado, por lo que resulta muy importante que comience a hablarse en profundidad sobre esta modalidad delictiva\u00bb.<\/p>\n<p>\u00abEn estos casos tambi\u00e9n hay trata, porque tenemos captaci\u00f3n, traslado y <b>explotaci\u00f3n laboral de personas de manera dom\u00e9stica.<\/b> No hace falta que act\u00fae una red, porque una sola persona puede llevarlo a cabo. O una unidad familiar, y son tan delincuentes como una red organizada. El desaf\u00edo que tenemos por delante es que la sociedad deje de naturalizar estas situaciones, con v\u00edctimas que trabajan sin salarios, francos, asistencia m\u00e9dica o cobertura previsional\u00bb, explic\u00f3 Gatti.<\/p>\n<p>Asimismo, <b>Viviana Caminos,<\/b> directora del <b>Programa de Rescate y Acompa\u00f1amiento a V\u00edctimas de Trata bonaerense, <\/b>expres\u00f3 que \u00abclaramente hay reclutamiento para explotaci\u00f3n dom\u00e9stica en los mismos espacios del interior del pa\u00eds donde se reclutan mujeres y ni\u00f1as para explotaci\u00f3n sexual, es decir, zonas vulnerables, y tambi\u00e9n mediante la captaci\u00f3n de v\u00edctimas en <b>pa\u00edses lim\u00edtrofes, principalmente Paraguay\u00bb.<\/b><\/p>\n<p>\u00abTenemos que lograr visibilizar esta problem\u00e1tica, muy profunda y que est\u00e1 naturalizada culturalmente. Esta explotaci\u00f3n ocurre con familias de poder adquisitivo elevado, que no sienten que est\u00e1n cometiendo un delito. Pero van a buscar a las mujeres a sus lugares de origen, las convencen con promesas, las trasladan y finalmente las hacen trabajar sin ning\u00fan tipo de registro, en general sin remuneraci\u00f3n y bajo condiciones penosas. Esto es trata de personas\u00bb, dijo Caminos.<\/p>\n<p>Mientras tanto, <b>Estela D\u00edaz,<\/b> de la <b>Secretar\u00eda de G\u00e9nero de la CTA,<\/b> explic\u00f3 que \u00abhay mucho aprovechamiento de la migraci\u00f3n ilegal, con personas que son ingresadas sin documentaci\u00f3n, y eso justamente es el eje para perpetuar la explotaci\u00f3n, por ejemplo mediante amenazas\u00bb, precisando que \u00abel trabajo dom\u00e9stico es totalmente informal, desarrollado en situaci\u00f3n de precariedad y sin el reconocimiento de derechos, y en ese sentido creemos que debemos profundizar las campa\u00f1as de difusi\u00f3n sobre el tema\u00bb.<\/p>\n<p>\u00abHay cuestiones culturales, lazos de afectividad que se generan entre las familias y las v\u00edctimas de explotaci\u00f3n, entonces es un problema llegar puertas adentro de esos hogares para el Estado. Es necesario hablar del tema, discutirlo, y que la sociedad pueda ayudar a encontrar soluciones. Lo mismo ocurri\u00f3 con los talleres textiles y los campos, donde antes no se lograba entrar, y a partir de visibilizarlos cambi\u00f3 el paradigma. Con la explotaci\u00f3n dom\u00e9stica tiene que pasar igual\u00bb, cerr\u00f3 D\u00edaz<\/p>\n","protected":false},"excerpt":{"rendered":"<p>El tema se asimila a la trata y de hecho, el reclutamiento se realiza en el mismo lugar donde se capta a mujeres para explotaci\u00f3n sexual. Especialistas en la materia encienden una luz roja por el tema. Desde 2008, cuando se tipific\u00f3 el delito de la trata de personas en Argentina, se logr\u00f3 rescatar a&hellip;<\/p>\n","protected":false},"author":1,"featured_media":0,"comment_status":"open","ping_status":"open","sticky":false,"template":"","format":"standard","meta":{"footnotes":""},"categories":[6],"tags":[461,184,8824,7121],"class_list":["post-45860","post","type-post","status-publish","format-standard","hentry","category-denuncias","tag-avellaneda","tag-cta","tag-genero","tag-ing-jorge-ferraresi"],"_links":{"self":[{"href":"https:\/\/www.elsindical.com.ar\/notas\/wp-json\/wp\/v2\/posts\/45860","targetHints":{"allow":["GET"]}}],"collection":[{"href":"https:\/\/www.elsindical.com.ar\/notas\/wp-json\/wp\/v2\/posts"}],"about":[{"href":"https:\/\/www.elsindical.com.ar\/notas\/wp-json\/wp\/v2\/types\/post"}],"author":[{"embeddable":true,"href":"https:\/\/www.elsindical.com.ar\/notas\/wp-json\/wp\/v2\/users\/1"}],"replies":[{"embeddable":true,"href":"https:\/\/www.elsindical.com.ar\/notas\/wp-json\/wp\/v2\/comments?post=45860"}],"version-history":[{"count":1,"href":"https:\/\/www.elsindical.com.ar\/notas\/wp-json\/wp\/v2\/posts\/45860\/revisions"}],"predecessor-version":[{"id":45861,"href":"https:\/\/www.elsindical.com.ar\/notas\/wp-json\/wp\/v2\/posts\/45860\/revisions\/45861"}],"wp:attachment":[{"href":"https:\/\/www.elsindical.com.ar\/notas\/wp-json\/wp\/v2\/media?parent=45860"}],"wp:term":[{"taxonomy":"category","embeddable":true,"href":"https:\/\/www.elsindical.com.ar\/notas\/wp-json\/wp\/v2\/categories?post=45860"},{"taxonomy":"post_tag","embeddable":true,"href":"https:\/\/www.elsindical.com.ar\/notas\/wp-json\/wp\/v2\/tags?post=45860"}],"curies":[{"name":"wp","href":"https:\/\/api.w.org\/{rel}","templated":true}]}}