{"id":45833,"date":"2014-09-28T23:16:23","date_gmt":"2014-09-29T02:16:23","guid":{"rendered":"http:\/\/www.elsindical.com.ar\/notas\/?p=45833"},"modified":"2014-09-28T23:16:23","modified_gmt":"2014-09-29T02:16:23","slug":"ello-la-red-social-anti-facebook","status":"publish","type":"post","link":"https:\/\/www.elsindical.com.ar\/notas\/ello-la-red-social-anti-facebook\/","title":{"rendered":"Ello: la red social anti Facebook"},"content":{"rendered":"<p><em><a href=\"http:\/\/www.elsindical.com.ar\/notas\/var\/www\/html\/notas\/wp-content\/uploads\/2014\/09\/red-social-ELLO.jpg\"><img loading=\"lazy\" decoding=\"async\" class=\"alignnone size-medium wp-image-45834\" src=\"http:\/\/www.elsindical.com.ar\/notas\/var\/www\/html\/notas\/wp-content\/uploads\/2014\/09\/red-social-ELLO-300x169.jpg\" alt=\"red-social-ELLO\" width=\"300\" height=\"169\" srcset=\"https:\/\/www.elsindical.com.ar\/notas\/var\/www\/html\/notas\/wp-content\/uploads\/2014\/09\/red-social-ELLO-300x169.jpg 300w, https:\/\/www.elsindical.com.ar\/notas\/var\/www\/html\/notas\/wp-content\/uploads\/2014\/09\/red-social-ELLO-500x282.jpg 500w, https:\/\/www.elsindical.com.ar\/notas\/var\/www\/html\/notas\/wp-content\/uploads\/2014\/09\/red-social-ELLO.jpg 502w\" sizes=\"auto, (max-width: 300px) 100vw, 300px\" \/><\/a>\u00a0Sin publicidad y con un dise\u00f1o particular, Ello.co busca marcar la diferencia.<\/em><\/p>\n<p>Facebook, Twitter o Instagram, son redes sociales que fueron marcando el cambio en los h\u00e1bitos de los usuarios de internet y que ostentan cientos de millones de usuarios y una masiva publicaci\u00f3n de contenidos.<\/p>\n<p>Cada tanto aparece alguna nueva red social que busca diferenciarse, y ahora es el turno de Ello, una red que se presenta como una opci\u00f3n diferente, cuidando la privacidad, sin vender publicidad ni los datos, como hacen las otras, y es por eso que se la llama la anti Facebook, por su visi\u00f3n diferente.<\/p>\n<p>Ello naci\u00f3 en 2013 creada por Paul Budnitz, Berger &amp; F\u00f6hr, y Mode Set como una alternativa sin publicidad a Facebook, pero estuvo solo cerrada a amistades y c\u00edrculos peque\u00f1os, hasta que ahora se abri\u00f3 a muchos m\u00e1s usuarios gracias a un sistema de invitaci\u00f3n.<\/p>\n<p>M\u00e1s de 30.000 personas por hora se est\u00e1n sumando, seg\u00fan las \u00faltimas cifras, y si bien a\u00fan es muy pronto para poner a Ello.co en un lugar de privilegio, su avance promete, aunque el tiempo ser\u00e1 el encargado de decidir cuan relevante es.<\/p>\n<p>Por el momento Ello solo se encuentra disponible en versi\u00f3n web, pero promete apps m\u00f3viles m\u00e1s adelante.<\/p>\n<p><strong>\u00bfC\u00f3mo recibir invitaci\u00f3n? <\/strong><\/p>\n<p>Ello.co ofrece en su p\u00e1gina de inicio la opci\u00f3n de registrarse y esperar una invitaci\u00f3n (aunque no hay tiempo estimado), sino es necesario esperar a que alguien los invite.<\/p>\n","protected":false},"excerpt":{"rendered":"<p>\u00a0Sin publicidad y con un dise\u00f1o particular, Ello.co busca marcar la diferencia. Facebook, Twitter o Instagram, son redes sociales que fueron marcando el cambio en los h\u00e1bitos de los usuarios de internet y que ostentan cientos de millones de usuarios y una masiva publicaci\u00f3n de contenidos. Cada tanto aparece alguna nueva red social que busca&hellip;<\/p>\n","protected":false},"author":1,"featured_media":0,"comment_status":"open","ping_status":"open","sticky":false,"template":"","format":"standard","meta":{"footnotes":""},"categories":[29],"tags":[19818,19816,219,814,1625,19817],"class_list":["post-45833","post","type-post","status-publish","format-standard","hentry","category-informatica","tag-anonimato","tag-ello","tag-facebook","tag-internet","tag-red-social","tag-ususarios"],"_links":{"self":[{"href":"https:\/\/www.elsindical.com.ar\/notas\/wp-json\/wp\/v2\/posts\/45833","targetHints":{"allow":["GET"]}}],"collection":[{"href":"https:\/\/www.elsindical.com.ar\/notas\/wp-json\/wp\/v2\/posts"}],"about":[{"href":"https:\/\/www.elsindical.com.ar\/notas\/wp-json\/wp\/v2\/types\/post"}],"author":[{"embeddable":true,"href":"https:\/\/www.elsindical.com.ar\/notas\/wp-json\/wp\/v2\/users\/1"}],"replies":[{"embeddable":true,"href":"https:\/\/www.elsindical.com.ar\/notas\/wp-json\/wp\/v2\/comments?post=45833"}],"version-history":[{"count":1,"href":"https:\/\/www.elsindical.com.ar\/notas\/wp-json\/wp\/v2\/posts\/45833\/revisions"}],"predecessor-version":[{"id":45835,"href":"https:\/\/www.elsindical.com.ar\/notas\/wp-json\/wp\/v2\/posts\/45833\/revisions\/45835"}],"wp:attachment":[{"href":"https:\/\/www.elsindical.com.ar\/notas\/wp-json\/wp\/v2\/media?parent=45833"}],"wp:term":[{"taxonomy":"category","embeddable":true,"href":"https:\/\/www.elsindical.com.ar\/notas\/wp-json\/wp\/v2\/categories?post=45833"},{"taxonomy":"post_tag","embeddable":true,"href":"https:\/\/www.elsindical.com.ar\/notas\/wp-json\/wp\/v2\/tags?post=45833"}],"curies":[{"name":"wp","href":"https:\/\/api.w.org\/{rel}","templated":true}]}}