{"id":45800,"date":"2014-09-27T19:47:49","date_gmt":"2014-09-27T22:47:49","guid":{"rendered":"http:\/\/www.elsindical.com.ar\/notas\/?p=45800"},"modified":"2014-09-27T19:47:49","modified_gmt":"2014-09-27T22:47:49","slug":"tigrereclamo-estudiantil-en-la-puerta-de-la-casa-de-scioli-por-falta-de-becas-y-cierre-de-comedores","status":"publish","type":"post","link":"https:\/\/www.elsindical.com.ar\/notas\/tigrereclamo-estudiantil-en-la-puerta-de-la-casa-de-scioli-por-falta-de-becas-y-cierre-de-comedores\/","title":{"rendered":"Tigre:Reclamo estudiantil en la puerta de la casa de Scioli por falta de becas y cierre de comedores"},"content":{"rendered":"<p><em><a href=\"http:\/\/www.elsindical.com.ar\/notas\/var\/www\/html\/notas\/wp-content\/uploads\/2014\/09\/reclamo-estudiantes-Villa-La-\u00d1ata.jpg\"><img loading=\"lazy\" decoding=\"async\" class=\"alignnone size-medium wp-image-45801\" src=\"http:\/\/www.elsindical.com.ar\/notas\/var\/www\/html\/notas\/wp-content\/uploads\/2014\/09\/reclamo-estudiantes-Villa-La-\u00d1ata-300x164.jpg\" alt=\"reclamo-estudiantes-Villa-La-\u00d1ata\" width=\"300\" height=\"164\" srcset=\"https:\/\/www.elsindical.com.ar\/notas\/var\/www\/html\/notas\/wp-content\/uploads\/2014\/09\/reclamo-estudiantes-Villa-La-\u00d1ata-300x164.jpg 300w, https:\/\/www.elsindical.com.ar\/notas\/var\/www\/html\/notas\/wp-content\/uploads\/2014\/09\/reclamo-estudiantes-Villa-La-\u00d1ata-500x274.jpg 500w, https:\/\/www.elsindical.com.ar\/notas\/var\/www\/html\/notas\/wp-content\/uploads\/2014\/09\/reclamo-estudiantes-Villa-La-\u00d1ata.jpg 531w\" sizes=\"auto, (max-width: 300px) 100vw, 300px\" \/><\/a>Un centenar de chicos se agolp\u00f3 en la puerta de la casa del gobernador bonaerense Daniel Scioli en Villa La \u00d1ata para entregar un petitorio con varios reclamos. La manifestaci\u00f3n reuni\u00f3 a estudiantes del Instituto de Ricardo Rojas, San Pedro Claver; la Escuela T\u00e9cnica N\u00b02 de Escobar y la Escuela N\u00b0307 de Villa de Mayo.<\/em><\/p>\n<p>Alexis Penayo, estudiante del San Pedro Claver, declar\u00f3 para InfoBAN: \u00abLos estudiantes tenemos muchas necesidades. No hay comedores ni viandas y veinte pesos el &#8216;s\u00e1nguche&#8217; pesa en los bolsillos de nuestras familias. Tampoco contamos con becas que nos den ayuda a la hora de comprar \u00fatiles y textos de estudio. Cada vez se pone peor la situaci\u00f3n. Queremos seguir estudiando y que no haya pibes que abandonen. Todo esto nos obliga a organizarnos y hacernos escuchar\u00bb.<\/p>\n<p>\u00abMe pone triste llamar la atenci\u00f3n de esta manera para que se nos escuche. Agotamos todas las instancias mandando cartas, pidiendo reuniones pero no tuvimos respuesta. No nos qued\u00f3 otra que esta manifestaci\u00f3n\u00bb agreg\u00f3 al portal Infoban.<\/p>\n<p>Sobre la situaci\u00f3n en el Instituto, Penayo cont\u00f3 que \u00aben nuestro colegio no hay comedor ni viandas y la respuesta es que hay falta de presupuesto. Los dirigentes tienen que saber que ac\u00e1 est\u00e1 el futuro del pa\u00eds, si no se apuesta a esto los pibes se desv\u00edan para el lado del reviente y alcohol\u00bb.<\/p>\n<p>Por su parte, la presidenta del centro de estudiantes del San Pedro Claver, Roc\u00edo Flores, remarc\u00f3 que \u00abLa situaci\u00f3n es complicada. Esta protesta busca que nos presten atenci\u00f3n. Necesitamos una respuesta y que nos dejen de tratar con indiferencia. Esta convocatoria re\u00fane 25 delegados de diversos colegios que estamos con las mismas problem\u00e1ticas educacionales\u00bb.<\/p>\n<p>El presidente del centro de estudiantes de la Escuela T\u00e9cnica N\u00b02 de Escobar, Br\u00edan Gonzalez, apunt\u00f3: \u00abVivimos una realidad que nos pone trabas para ir a estudiar. Los pibes nos juntamos por la gran cantidad de deficiencias que tiene el sistema educativo. En la t\u00e9cnica tenemos una lucha de una obra en un inmueble para ampliar aulas que se fren\u00f3. El gobernador sabe esto. Espero que no mire para otro lado y se haga el boludo\u00bb concluy\u00f3 Gonzalez.<\/p>\n<p>Estaba presente apoyando la manifestaci\u00f3n un grupo de padres tambi\u00e9n. Jorge Penayo (padre de Alexis) reafirm\u00f3: \u00abLa situaci\u00f3n es como dicen los chicos. Se va profundizando la crisis que empez\u00f3 hace un par de a\u00f1os. Muchos padres quedaron sin trabajo y todo se hace cuesta arriba. El gobierno nacional tiene que dejar de pensar en los buitres y poner la plata en la educaci\u00f3n. Me parece extraordinario que se organicen. Esto demuestra que los chicos no son solamente noticia cuando se drogan o no saben que hacer de su vida. Estos chicos saben lo que quieren y tienen necesidades que deben ser escuchadas\u00bb.<\/p>\n<p>Luego de realizar una asamblea los estudiantes entregaron el petitorio a representantes del gobernador quienes aseguraron su entrega inmediata.<\/p>\n","protected":false},"excerpt":{"rendered":"<p>Un centenar de chicos se agolp\u00f3 en la puerta de la casa del gobernador bonaerense Daniel Scioli en Villa La \u00d1ata para entregar un petitorio con varios reclamos. La manifestaci\u00f3n reuni\u00f3 a estudiantes del Instituto de Ricardo Rojas, San Pedro Claver; la Escuela T\u00e9cnica N\u00b02 de Escobar y la Escuela N\u00b0307 de Villa de Mayo.&hellip;<\/p>\n","protected":false},"author":1,"featured_media":0,"comment_status":"open","ping_status":"open","sticky":false,"template":"","format":"standard","meta":{"footnotes":""},"categories":[25],"tags":[1113,983,102,512,19794],"class_list":["post-45800","post","type-post","status-publish","format-standard","hentry","category-sociedad","tag-casa","tag-daniel-scioli","tag-estudiantes","tag-reclamo","tag-villa-la-nata"],"_links":{"self":[{"href":"https:\/\/www.elsindical.com.ar\/notas\/wp-json\/wp\/v2\/posts\/45800","targetHints":{"allow":["GET"]}}],"collection":[{"href":"https:\/\/www.elsindical.com.ar\/notas\/wp-json\/wp\/v2\/posts"}],"about":[{"href":"https:\/\/www.elsindical.com.ar\/notas\/wp-json\/wp\/v2\/types\/post"}],"author":[{"embeddable":true,"href":"https:\/\/www.elsindical.com.ar\/notas\/wp-json\/wp\/v2\/users\/1"}],"replies":[{"embeddable":true,"href":"https:\/\/www.elsindical.com.ar\/notas\/wp-json\/wp\/v2\/comments?post=45800"}],"version-history":[{"count":1,"href":"https:\/\/www.elsindical.com.ar\/notas\/wp-json\/wp\/v2\/posts\/45800\/revisions"}],"predecessor-version":[{"id":45802,"href":"https:\/\/www.elsindical.com.ar\/notas\/wp-json\/wp\/v2\/posts\/45800\/revisions\/45802"}],"wp:attachment":[{"href":"https:\/\/www.elsindical.com.ar\/notas\/wp-json\/wp\/v2\/media?parent=45800"}],"wp:term":[{"taxonomy":"category","embeddable":true,"href":"https:\/\/www.elsindical.com.ar\/notas\/wp-json\/wp\/v2\/categories?post=45800"},{"taxonomy":"post_tag","embeddable":true,"href":"https:\/\/www.elsindical.com.ar\/notas\/wp-json\/wp\/v2\/tags?post=45800"}],"curies":[{"name":"wp","href":"https:\/\/api.w.org\/{rel}","templated":true}]}}