{"id":45792,"date":"2014-09-27T08:09:01","date_gmt":"2014-09-27T11:09:01","guid":{"rendered":"http:\/\/www.elsindical.com.ar\/notas\/?p=45792"},"modified":"2014-09-27T08:09:01","modified_gmt":"2014-09-27T11:09:01","slug":"lanusscioli-y-diaz-perez-inauguraron-la-expo-produccion-multisectorial-2014","status":"publish","type":"post","link":"https:\/\/www.elsindical.com.ar\/notas\/lanusscioli-y-diaz-perez-inauguraron-la-expo-produccion-multisectorial-2014\/","title":{"rendered":"Lan\u00fas:Scioli y D\u00edaz P\u00e9rez inauguraron la Expo Producci\u00f3n Multisectorial 2014"},"content":{"rendered":"<p><a href=\"http:\/\/www.elsindical.com.ar\/notas\/var\/www\/html\/notas\/wp-content\/uploads\/2014\/09\/000000011.jpg\"><img loading=\"lazy\" decoding=\"async\" class=\"alignnone size-medium wp-image-45793\" src=\"http:\/\/www.elsindical.com.ar\/notas\/var\/www\/html\/notas\/wp-content\/uploads\/2014\/09\/000000011-300x199.jpg\" alt=\"000000011\" width=\"300\" height=\"199\" srcset=\"https:\/\/www.elsindical.com.ar\/notas\/var\/www\/html\/notas\/wp-content\/uploads\/2014\/09\/000000011-300x199.jpg 300w, https:\/\/www.elsindical.com.ar\/notas\/var\/www\/html\/notas\/wp-content\/uploads\/2014\/09\/000000011-451x300.jpg 451w, https:\/\/www.elsindical.com.ar\/notas\/var\/www\/html\/notas\/wp-content\/uploads\/2014\/09\/000000011.jpg 531w\" sizes=\"auto, (max-width: 300px) 100vw, 300px\" \/><\/a>En el marco de las pol\u00edticas implementadas para promover e incentivar el desarrollo del comercio y la industria local, el intendente Dar\u00edo D\u00edaz P\u00e9rez junto al gobernador de la Provincia de Buenos Aires, Daniel Scioli inauguraron hoy una nueva edici\u00f3n de la <em>Expo<\/em><em> Producci\u00f3n<\/em><em> Lan\u00fas Multisectorial 2014<\/em>,\u00a0 donde m\u00e1s de 150 empresas locales exponen sus productos y participar\u00e1n de rondas de negocios <strong>regionales y <\/strong><strong>multisectoriales.<\/strong><\/p>\n<p>La muestra que alberga a <strong>peque\u00f1as, medianas y grandes empresas<\/strong>, como as\u00ed tambi\u00e9n a <strong>micro emprendedores<\/strong> de todo el distrito se realiza en el Edificio Municipal Eva Per\u00f3n, Hip\u00f3lito Yrigoyen 3863 y se extender\u00e1 hasta el <strong>domingo <\/strong><strong>28<\/strong> de septiembre, de <strong>15.00 a 21.00<\/strong>,\u00a0con <strong>entrada libre y gratuita<\/strong><strong>.<\/strong><\/p>\n<p>En primera instancia se llev\u00f3 a cabo una recepci\u00f3n de la que participaron el gobernador Bonaerense, el intendente anfitri\u00f3n y sus pares de la Matanza, Fernando Espinoza y de Florencia Varela, Julio Pereyra junto a embajadores de pa\u00edses a los cuales industrias de Lan\u00fas exportan sus productos, entre ellos, Brasil, Cuba, Rep\u00fablica de Corea del Sur, de la Federaci\u00f3n Rusa, Serbia, Vietnam, Congo, China, Grecia, Venezuela, Angola, Nicaragua, Sud\u00e1frica y Argelia.<\/p>\n<p>Frente a un Sal\u00f3n Auditorio colmado por industriales, empresarios y vecinos, el intendente Dar\u00edo D\u00edaz P\u00e9rez dio las palabras de bienvenida a los presentes y agradeci\u00f3 a los expositores manifestando entre otros conceptos: <em>\u201corganizar un evento as\u00ed demuestra el desarrollo que ha tenido nuestra industria ubicando a Lan\u00fas en un lugar de privilegio a nivel nacional. Ustedes conf\u00edan en nuestra ciudad y trabajan diariamente en la construcci\u00f3n de una Argentina mejor\u201d<\/em>. \u00a0En esa misma l\u00ednea de ideas record\u00f3 a los independentistas que llevaron al General Juan Domingo Per\u00f3n la necesidad de crear este municipio al que se lo denomin\u00f3 4 de Junio y tras hacer un resumen pormenorizado de las caracter\u00edsticas poblacionales y t\u00e9cnicas que posee el distrito manifest\u00f3: <em>\u201cTenemos industrias de primer nivel en materia de exportaciones y por eso es bueno que nos empecemos a mostrar. Es importante destacar que en esta materia ya no sirve que trabaje un pol\u00edtico solo, ahora es necesario que los empresarios formen parte de las decisiones que se toman en conjunto bajo la idea de una planificaci\u00f3n estrat\u00e9gica de la ciudad ya que aqu\u00ed \u00a0est\u00e1n radicadas peque\u00f1as, medianas y grandes expresas que producen para nuestro consumo interno y a la vez para exportar a distintos pa\u00edses del mundo, generando puestos de trabajo a miles de lanusenses. Esta expo es muy importante para todos quienes conformamos el entramado social de nuestra ciudad, entre ellos los trabajadores, las instituciones, los empresarios y comerciantes, y quienes gobernamos los destinos del distrito, ya que mostramos al vecino local y al que nos visita, nuestro sostenido crecimiento a lo largo de los \u00faltimos a\u00f1os, generando a la vez en esta oportunidad y en el marco de nuestro cumplea\u00f1os n\u00famero setenta como partido, un espacio para toda la familia\u201d<\/em>, remarc\u00f3 el intendente Dar\u00edo D\u00edaz P\u00e9rez.<\/p>\n<p>En tanto el presidente del Partido justicialista de la provincia de Buenos Aires e intendente de La Matanza, Fernando Espinoza como el presidente de la Federaci\u00f3n Argentina de Municipios e intendente de Florencio Varela, Julio Pereyra destacaron el trabajo que realiza permanentemente Dar\u00edo D\u00edaz P\u00e9rez en beneficio del distrito llevando adelante las pol\u00edticas impulsadas por el ex Presidente N\u00e9stor Kirchner y hoy por la Presidenta Cristina Fern\u00e1ndez de Kirchner. En ese contexto ponderaron el crecimiento que a nivel industrial y social ha logrado la ciudad poni\u00e9ndola a la vanguardia de otros municipios del pa\u00eds.<\/p>\n<p>Por su parte el gobernador bonaerense agradeci\u00f3 el inter\u00e9s de los representantes diplom\u00e1ticos en el potencial del distrito donde destac\u00f3 las virtudes y el crecimiento sostenido de Lan\u00fas durante los \u00faltimos a\u00f1os: <em>\u201cLa responsabilidad empresaria y social de los emprendedores de Lan\u00fas es un ejemplo en toda la provincia, Lan\u00fas ha recuperado su tradici\u00f3n industrial\u201d<\/em>, agreg\u00f3 Scioli, quien adem\u00e1s tras augurar que <em>\u201c lo mejor est\u00e1 por<\/em> <em>venir\u201d<\/em> remarc\u00f3 que <em>\u201cel desaf\u00edo del futuro ser\u00e1 seguir con las pol\u00edticas impulsadas por el Gobierno de la Naci\u00f3n cuidando entre todos esta reindustrializaci\u00f3n nacional que lleg\u00f3 para quedarse\u201d. <\/em><\/p>\n<p>Posteriormente ambos mandatarios realizaron el tradicional corte de cintas y recorrieron la muestra.<\/p>\n<p>Esta edici\u00f3n 2014 tendr\u00e1 un condimento especial con el agregado de diferentes espect\u00e1culos para toda la familia; el s\u00e1bado 27 desde las 19, Silvio Sold\u00e1n presentar\u00e1 su tradicional \u201cGrandes Valores del Tango\u201d con orquesta en vivo, cantantes y parejas de bailarines. El domingo 28 desde las 13 dar\u00e1 inicio a transmisi\u00f3n en vivo del exitoso programa de la TV P\u00fablica \u201cCocineros Argentinos\u201d desde los Jardines del Edificio Comunal y desde las 18, Los Charros, en primer lugar y La Nueva Luna a continuaci\u00f3n, pondr\u00e1n el toque musical al \u00faltimo d\u00eda de la expo, cerrando la noche con\u00a0 fuegos artificiales que iluminar\u00e1n el cielo lanusense.<\/p>\n<p>Tambi\u00e9n estuvieron presentes en la apertura el subsecretario de Relaciones Internacionales del Ministerio de la Producci\u00f3n, Ciencia y Tecnolog\u00eda de la provincia de Buenos Aires, Carlos Mat\u00edas Peralta; representantes diplom\u00e1ticos, la diputada provincial Karina Nazabal; el presidente de ACUMAR, Jorge Calzoni; el presidente del Concejo Deliberante H\u00e9ctor Bonfiglio; concejales; el presidente del Consejo Escolar, Roberto Crovella, consejeros escolares; el presidente del PAMI Reg. X, Ismael Ale; el subsecretario del Instituto Municipal de Desarrollo Productivo de Lan\u00fas (IMDELA), Gustavo Malvasso; el director de Comercio Exterior, Jorge Ferrete; el secretario general de la CGT Regional Avellaneda-Lan\u00fas, Francisco Malvasso; autoridades de ADE Lan\u00fas; el secretario Adjunto de la UOM, Juan Bel\u00e9n adem\u00e1s de otras autoridades provinciales, municipales, empresariales, policiales, eclesi\u00e1sticas, educacionales , judiciales, y vecinos, entre otros.<\/p>\n<p><strong>A la gran muestra productiva y comercial del distrito se la podr\u00e1 visitar hasta las 21 pr\u00f3ximo domingo en el Edificio Comunal Eva Per\u00f3n.<\/strong><\/p>\n","protected":false},"excerpt":{"rendered":"<p>En el marco de las pol\u00edticas implementadas para promover e incentivar el desarrollo del comercio y la industria local, el intendente Dar\u00edo D\u00edaz P\u00e9rez junto al gobernador de la Provincia de Buenos Aires, Daniel Scioli inauguraron hoy una nueva edici\u00f3n de la Expo Producci\u00f3n Lan\u00fas Multisectorial 2014,\u00a0 donde m\u00e1s de 150 empresas locales exponen sus&hellip;<\/p>\n","protected":false},"author":1,"featured_media":0,"comment_status":"open","ping_status":"open","sticky":false,"template":"","format":"standard","meta":{"footnotes":""},"categories":[13],"tags":[983,19313,19790,500,209],"class_list":["post-45792","post","type-post","status-publish","format-standard","hentry","category-politica","tag-daniel-scioli","tag-dario-perez","tag-expo-produccion-lanus-multisectorial-2014","tag-gobernador","tag-lanus"],"_links":{"self":[{"href":"https:\/\/www.elsindical.com.ar\/notas\/wp-json\/wp\/v2\/posts\/45792","targetHints":{"allow":["GET"]}}],"collection":[{"href":"https:\/\/www.elsindical.com.ar\/notas\/wp-json\/wp\/v2\/posts"}],"about":[{"href":"https:\/\/www.elsindical.com.ar\/notas\/wp-json\/wp\/v2\/types\/post"}],"author":[{"embeddable":true,"href":"https:\/\/www.elsindical.com.ar\/notas\/wp-json\/wp\/v2\/users\/1"}],"replies":[{"embeddable":true,"href":"https:\/\/www.elsindical.com.ar\/notas\/wp-json\/wp\/v2\/comments?post=45792"}],"version-history":[{"count":1,"href":"https:\/\/www.elsindical.com.ar\/notas\/wp-json\/wp\/v2\/posts\/45792\/revisions"}],"predecessor-version":[{"id":45794,"href":"https:\/\/www.elsindical.com.ar\/notas\/wp-json\/wp\/v2\/posts\/45792\/revisions\/45794"}],"wp:attachment":[{"href":"https:\/\/www.elsindical.com.ar\/notas\/wp-json\/wp\/v2\/media?parent=45792"}],"wp:term":[{"taxonomy":"category","embeddable":true,"href":"https:\/\/www.elsindical.com.ar\/notas\/wp-json\/wp\/v2\/categories?post=45792"},{"taxonomy":"post_tag","embeddable":true,"href":"https:\/\/www.elsindical.com.ar\/notas\/wp-json\/wp\/v2\/tags?post=45792"}],"curies":[{"name":"wp","href":"https:\/\/api.w.org\/{rel}","templated":true}]}}